{"id":192310,"date":"2020-05-05T12:12:33","date_gmt":"2020-05-05T15:12:33","guid":{"rendered":"https:\/\/www.redenoticia.com.br\/noticia\/?p=192310"},"modified":"2020-05-05T12:12:33","modified_gmt":"2020-05-05T15:12:33","slug":"resumo-novela-cumplices-de-um-resgate-06-05-andre-descobre-que-priscila-e-filha-de-geraldo","status":"publish","type":"post","link":"https:\/\/migracao.redenoticia.com.br\/noticia\/2020\/resumo-novela-cumplices-de-um-resgate-06-05-andre-descobre-que-priscila-e-filha-de-geraldo\/192310","title":{"rendered":"Resumo novela \u201cC\u00famplices de um Resgate\u201d 06\/05: Andr\u00e9 descobre que Priscila \u00e9 filha de Geraldo"},"content":{"rendered":"<p><img loading=\"lazy\" decoding=\"async\" class=\"aligncenter size-large wp-image-164526\" src=\"https:\/\/migracao.redenoticia.com.br\/noticia\/imagens\/cumplices-de-um-resgate-001-316x300.jpg\" alt=\"\" width=\"316\" height=\"300\" srcset=\"https:\/\/migracao.redenoticia.com.br\/noticia\/imagens\/cumplices-de-um-resgate-001-316x300.jpg 316w, https:\/\/migracao.redenoticia.com.br\/noticia\/imagens\/cumplices-de-um-resgate-001-197x187.jpg 197w, https:\/\/migracao.redenoticia.com.br\/noticia\/imagens\/cumplices-de-um-resgate-001-150x143.jpg 150w, https:\/\/migracao.redenoticia.com.br\/noticia\/imagens\/cumplices-de-um-resgate-001.jpg 526w\" sizes=\"auto, (max-width: 316px) 100vw, 316px\" \/><\/p>\n<p><strong><em>Resumo novela \u201cC\u00famplices de um Resgate\u201d 06\/05<\/em><\/strong>: no cap\u00edtulo 349 (*) da novela, quarta-feira, 06 de maio, D\u00f3ris imagina que Rebeca \u00e9 a Branca de Neve na sapataria e que canta ao lado dos sete an\u00f5es. Isabela conta para Marina que Regina quer lhe irritar. A garota afirma que ir\u00e1 trocar de lugar com Manuela mais uma vez e em definitivo. Navarro apresenta para Lurdinha a mans\u00e3o de Regina como se fosse sua casa. Of\u00e9lio conta para Sandro e Laura que Isabela quer trocar de lugar com Manuela.<\/p>\n<p>Isabela se despede de T\u00e9o. \u201cEu gosto muito da Manu, mas gosto de voc\u00ea de uma maneira diferente\u201d, revela T\u00e9o. Os dois se emocionam. Pedro diz para Helena que n\u00e3o ir\u00e1 voltar a morar na cidade e que ficar\u00e1 no Vilarejo dos Sonhos. Joel \u00e9 preso pela pol\u00edcia na frente de todos do vilarejo. Omar chora. Priscila conta para Andr\u00e9 que \u00e9 filha de Geraldo.<\/p>\n<p>(*) edi\u00e7\u00e3o do SBT, Novela \u201cC\u00famplices de um Resgate\u201d, sujeito a altera\u00e7\u00e3o de data e conte\u00fado.<\/p>\n<p>\u201cC\u00famplices de um Resgate\u201d &#8211; Duas irm\u00e3s g\u00eameas univitelinas que foram separadas ap\u00f3s nascimento, se reencontram somente ap\u00f3s doze anos. Manuela, uma das g\u00eameas, \u00e9 doce, meiga, gentil, e muito talentosa para a m\u00fasica e tem uma voz encantadora. Vive uma vida feliz no Vilarejo dos Sonhos, onde mora com sua av\u00f3 Nina, sua tia Helena e sua m\u00e3e Rebeca, que d\u00e1 muito amor e carinho a filha por ela nunca ter tido um pai, e ela \u00e9 a m\u00e3e biol\u00f3gica das duas garotas, mas nunca soube que teve g\u00eameas.<\/p>\n","protected":false},"excerpt":{"rendered":"<p>Resumo novela \u201cC\u00famplices de um Resgate\u201d 06\/05: no cap\u00edtulo 349 (*) da novela, quarta-feira, 06 de maio, D\u00f3ris imagina que Rebeca \u00e9 a Branca de Neve na sapataria e que canta ao lado dos sete an\u00f5es. Isabela conta para Marina que Regina quer lhe irritar. A garota afirma que ir\u00e1 trocar de lugar com Manuela [&hellip;]<\/p>\n","protected":false},"author":4,"featured_media":164526,"comment_status":"closed","ping_status":"closed","sticky":false,"template":"","format":"standard","meta":{"tdm_status":"","tdm_grid_status":"","footnotes":""},"categories":[379,372,343],"tags":[441],"class_list":{"0":"post-192310","1":"post","2":"type-post","3":"status-publish","4":"format-standard","5":"has-post-thumbnail","7":"category-novelas","8":"category-sbt","9":"category-televisao","10":"tag-resumo-do-dia"},"_links":{"self":[{"href":"https:\/\/migracao.redenoticia.com.br\/noticia\/wp-json\/wp\/v2\/posts\/192310","targetHints":{"allow":["GET"]}}],"collection":[{"href":"https:\/\/migracao.redenoticia.com.br\/noticia\/wp-json\/wp\/v2\/posts"}],"about":[{"href":"https:\/\/migracao.redenoticia.com.br\/noticia\/wp-json\/wp\/v2\/types\/post"}],"author":[{"embeddable":true,"href":"https:\/\/migracao.redenoticia.com.br\/noticia\/wp-json\/wp\/v2\/users\/4"}],"replies":[{"embeddable":true,"href":"https:\/\/migracao.redenoticia.com.br\/noticia\/wp-json\/wp\/v2\/comments?post=192310"}],"version-history":[{"count":0,"href":"https:\/\/migracao.redenoticia.com.br\/noticia\/wp-json\/wp\/v2\/posts\/192310\/revisions"}],"wp:featuredmedia":[{"embeddable":true,"href":"https:\/\/migracao.redenoticia.com.br\/noticia\/wp-json\/wp\/v2\/media\/164526"}],"wp:attachment":[{"href":"https:\/\/migracao.redenoticia.com.br\/noticia\/wp-json\/wp\/v2\/media?parent=192310"}],"wp:term":[{"taxonomy":"category","embeddable":true,"href":"https:\/\/migracao.redenoticia.com.br\/noticia\/wp-json\/wp\/v2\/categories?post=192310"},{"taxonomy":"post_tag","embeddable":true,"href":"https:\/\/migracao.redenoticia.com.br\/noticia\/wp-json\/wp\/v2\/tags?post=192310"}],"curies":[{"name":"wp","href":"https:\/\/api.w.org\/{rel}","templated":true}]}}