{"id":192324,"date":"2020-05-10T13:17:31","date_gmt":"2020-05-10T16:17:31","guid":{"rendered":"https:\/\/www.redenoticia.com.br\/noticia\/?p=192324"},"modified":"2020-05-10T14:49:28","modified_gmt":"2020-05-10T17:49:28","slug":"israel-desenvolve-anticorpo-que-ataca-e-neutraliza-o-coronavirus","status":"publish","type":"post","link":"https:\/\/migracao.redenoticia.com.br\/noticia\/2020\/israel-desenvolve-anticorpo-que-ataca-e-neutraliza-o-coronavirus\/192324","title":{"rendered":"Israel desenvolve anticorpo que ataca e neutraliza o coronav\u00edrus"},"content":{"rendered":"<p> O Instituto de Israel para a Investiga\u00e7\u00e3o Biotecnol\u00f3gica, do Minist\u00e9rio da Defesa, anunciou que desenvolveu um <strong><em>anticorpo para o coronav\u00edrus<\/em><\/strong> e que prepara a patente para depois entrar em contato com empresas farmac\u00eauticas, com o objetivo de produzir em escala comercial. <\/p>\n<p>Em comunicado, o instituto assegura que o anticorpo desenvolvido ataca e neutraliza o v\u00edrus nas pessoas doentes. <\/p>\n<p>&#8220;De acordo com os pesquisadores, liderados pelo professor Shmuel Shapiro, a fase de desenvolvimento do anticorpo foi conclu\u00edda&#8221;, acrescenta a nota.<\/p>\n<p>O ministro da Defesa de Israel, Naftali Benet, visitou o laborat\u00f3rio do instituto em Nezz Ziona, ao sul de Tel Aviv, onde tomou conhecimento da pesquisa. Ele afirmou que o &#8220;anticorpo ataca o v\u00edrus de forma monoclonal&#8221; qualificando o trabalho desenvolvido como &#8220;grande conquista&#8221;.<\/p>\n<p>&#8220;Estou orgulhoso do pessoal do Instituto de Biotecnologia por esse avan\u00e7o. A criatividade e o pensamento judaico atingiram grande resultado&#8221;, disse o ministro na nota. O texto n\u00e3o especifica se foram realizados testes em seres humanos.<\/p>\n<p>Altos cargos do setor da defesa e da seguran\u00e7a israelita disseram que a descoberta \u00e9 a &#8220;primeia desse tipo em n\u00edvel mundial&#8221;.  <\/p>\n<p>De acordo com a publica\u00e7\u00e3o digital Times of Israel, no mundo h\u00e1 cerca de uma centena de equipes de investiga\u00e7\u00e3o \u00e0 procura de uma vacina para o novo coronav\u00edrus, que provocou a pandemia, sendo que cerca de uma dezena est\u00e3o, neste momento, em fase de teste em seres humanos.<\/p>\n<p>Especialistas avisaram, em mar\u00e7o, que o processo ap\u00f3s o desenvolvimento de uma vacina em laborat\u00f3rio pode demorar pelo menos 18 meses.   <\/p>\n<p>O Instituto para a Investiga\u00e7\u00e3o e Biotecnologia de Israel dedica-se, entre outras atividades, a investigar armas qu\u00edmicas, procurando ant\u00eddotos contra novas subst\u00e2ncias.<\/p>\n<p>Em mar\u00e7o, o jornal Haaretz publicou que o centro tinha conseguido avan\u00e7ar nas investiga\u00e7\u00f5es sobre a vacina, tendo o Minist\u00e9rio da Defesa desmentido a informa\u00e7\u00e3o.<\/p>\n<p>Em n\u00edvel global, segundo balan\u00e7o da ag\u00eancia de not\u00edcias AFP, a pandemia de covid-19 j\u00e1 provocou mais de 250 mil mortes e infetou mais de 3,5 milh\u00f5es de pessoas em 195 pa\u00edses e territ\u00f3rios.<\/p>\n<p>Fonte: RTP &#8211; R\u00e1dio e Televis\u00e3o de Portugal &#8211; Ag\u00eancia Brasil<\/p>\n","protected":false},"excerpt":{"rendered":"<p>O Instituto de Israel para a Investiga\u00e7\u00e3o Biotecnol\u00f3gica, do Minist\u00e9rio da Defesa, anunciou que desenvolveu um anticorpo para o coronav\u00edrus e que prepara a patente para depois entrar em contato com empresas farmac\u00eauticas, com o objetivo de produzir em escala comercial. Em comunicado, o instituto assegura que o anticorpo desenvolvido ataca e neutraliza o v\u00edrus [&hellip;]<\/p>\n","protected":false},"author":2,"featured_media":148257,"comment_status":"closed","ping_status":"closed","sticky":false,"template":"","format":"standard","meta":{"tdm_status":"","tdm_grid_status":"","footnotes":""},"categories":[22,5],"tags":[559],"class_list":{"0":"post-192324","1":"post","2":"type-post","3":"status-publish","4":"format-standard","5":"has-post-thumbnail","7":"category-brasil","8":"category-saude-e-vida","9":"tag-noticia-saude"},"_links":{"self":[{"href":"https:\/\/migracao.redenoticia.com.br\/noticia\/wp-json\/wp\/v2\/posts\/192324","targetHints":{"allow":["GET"]}}],"collection":[{"href":"https:\/\/migracao.redenoticia.com.br\/noticia\/wp-json\/wp\/v2\/posts"}],"about":[{"href":"https:\/\/migracao.redenoticia.com.br\/noticia\/wp-json\/wp\/v2\/types\/post"}],"author":[{"embeddable":true,"href":"https:\/\/migracao.redenoticia.com.br\/noticia\/wp-json\/wp\/v2\/users\/2"}],"replies":[{"embeddable":true,"href":"https:\/\/migracao.redenoticia.com.br\/noticia\/wp-json\/wp\/v2\/comments?post=192324"}],"version-history":[{"count":0,"href":"https:\/\/migracao.redenoticia.com.br\/noticia\/wp-json\/wp\/v2\/posts\/192324\/revisions"}],"wp:featuredmedia":[{"embeddable":true,"href":"https:\/\/migracao.redenoticia.com.br\/noticia\/wp-json\/wp\/v2\/media\/148257"}],"wp:attachment":[{"href":"https:\/\/migracao.redenoticia.com.br\/noticia\/wp-json\/wp\/v2\/media?parent=192324"}],"wp:term":[{"taxonomy":"category","embeddable":true,"href":"https:\/\/migracao.redenoticia.com.br\/noticia\/wp-json\/wp\/v2\/categories?post=192324"},{"taxonomy":"post_tag","embeddable":true,"href":"https:\/\/migracao.redenoticia.com.br\/noticia\/wp-json\/wp\/v2\/tags?post=192324"}],"curies":[{"name":"wp","href":"https:\/\/api.w.org\/{rel}","templated":true}]}}