{"id":192328,"date":"2020-05-05T14:09:21","date_gmt":"2020-05-05T17:09:21","guid":{"rendered":"https:\/\/www.redenoticia.com.br\/noticia\/?p=192328"},"modified":"2020-05-26T16:10:28","modified_gmt":"2020-05-26T19:10:28","slug":"enquete-para-qual-continente-voce-viajaria-depois-da-pandemia","status":"publish","type":"post","link":"https:\/\/migracao.redenoticia.com.br\/noticia\/2020\/enquete-para-qual-continente-voce-viajaria-depois-da-pandemia\/192328","title":{"rendered":"Enquete: Para qual continente voc\u00ea viajaria depois da pandemia?"},"content":{"rendered":"<p>Enquanto se espera pelo <strong><em>fim da pandemia<\/em><\/strong>, muitos planejam atividades e viagens que gostariam de fazer sozinhos, com a fam\u00edlia ou amigos. Participe da enquete: Para qual continente voc\u00ea viajaria depois da pandemia?<\/p>\n<p><script type=\"text\/javascript\" charset=\"utf-8\" data-cfasync=\"false\" src=\"https:\/\/secure.polldaddy.com\/p\/10548087.js\"><\/script><br \/>\n<noscript><a href=\"https:\/\/poll.fm\/10548087\">Para qual continente voc\u00ea viajaria depois da pandemia?<\/a><\/noscript><\/p>\n<p>Os continentes:<\/p>\n<p>\u00c1frica: limita com a \u00c1sia pelo canal de Suez e est\u00e1 separada da Europa pelo estreito de Gibraltar e se estende do sudoeste at\u00e9 o cabo da Boa Esperan\u00e7a;<br \/>\nAm\u00e9rica: est\u00e1 separada da \u00c1sia pelo estreito de Bering, no noroeste, e est\u00e1 dividida em dois ou tr\u00eas subcontinentes;<br \/>\n&#8211; Am\u00e9rica do Norte: localizada no hemisf\u00e9rio nor-ocidental;<br \/>\n&#8211; Am\u00e9rica Central: se estende do istmo de Panam\u00e1 at\u00e9 o istmo de Tehuantepec.<br \/>\n&#8211; Am\u00e9rica do Sul: se estende do sul do canal at\u00e9 o cabo de Horns;<br \/>\n\u00c1sia: separada da \u00c1frica pelo canal de Suez, se estende do leste e noroeste at\u00e9 o estreito de Bering e o oceano \u00cdndico;<br \/>\nEuropa: separada da \u00c1frica pelo Mediterr\u00e2neo, se estende desde os montes Urais at\u00e9 a Pen\u00ednsula Ib\u00e9rica;<br \/>\nOceania: localizada ao sudeste da \u00c1sia, entre os oceanos \u00cdndico e Pac\u00edfico.<\/p>\n","protected":false},"excerpt":{"rendered":"<p>Enquanto se espera pelo fim da pandemia, muitos planejam atividades e viagens que gostariam de fazer sozinhos, com a fam\u00edlia ou amigos. Participe da enquete: Para qual continente voc\u00ea viajaria depois da pandemia? Para qual continente voc\u00ea viajaria depois da pandemia? Os continentes: \u00c1frica: limita com a \u00c1sia pelo canal de Suez e est\u00e1 separada [&hellip;]<\/p>\n","protected":false},"author":2,"featured_media":148282,"comment_status":"closed","ping_status":"closed","sticky":false,"template":"","format":"standard","meta":{"tdm_status":"","tdm_grid_status":"","footnotes":""},"categories":[7],"tags":[521],"class_list":{"0":"post-192328","1":"post","2":"type-post","3":"status-publish","4":"format-standard","5":"has-post-thumbnail","7":"category-economia","8":"tag-enquete"},"_links":{"self":[{"href":"https:\/\/migracao.redenoticia.com.br\/noticia\/wp-json\/wp\/v2\/posts\/192328","targetHints":{"allow":["GET"]}}],"collection":[{"href":"https:\/\/migracao.redenoticia.com.br\/noticia\/wp-json\/wp\/v2\/posts"}],"about":[{"href":"https:\/\/migracao.redenoticia.com.br\/noticia\/wp-json\/wp\/v2\/types\/post"}],"author":[{"embeddable":true,"href":"https:\/\/migracao.redenoticia.com.br\/noticia\/wp-json\/wp\/v2\/users\/2"}],"replies":[{"embeddable":true,"href":"https:\/\/migracao.redenoticia.com.br\/noticia\/wp-json\/wp\/v2\/comments?post=192328"}],"version-history":[{"count":0,"href":"https:\/\/migracao.redenoticia.com.br\/noticia\/wp-json\/wp\/v2\/posts\/192328\/revisions"}],"wp:featuredmedia":[{"embeddable":true,"href":"https:\/\/migracao.redenoticia.com.br\/noticia\/wp-json\/wp\/v2\/media\/148282"}],"wp:attachment":[{"href":"https:\/\/migracao.redenoticia.com.br\/noticia\/wp-json\/wp\/v2\/media?parent=192328"}],"wp:term":[{"taxonomy":"category","embeddable":true,"href":"https:\/\/migracao.redenoticia.com.br\/noticia\/wp-json\/wp\/v2\/categories?post=192328"},{"taxonomy":"post_tag","embeddable":true,"href":"https:\/\/migracao.redenoticia.com.br\/noticia\/wp-json\/wp\/v2\/tags?post=192328"}],"curies":[{"name":"wp","href":"https:\/\/api.w.org\/{rel}","templated":true}]}}