{"id":192332,"date":"2020-05-05T18:08:56","date_gmt":"2020-05-05T21:08:56","guid":{"rendered":"https:\/\/www.redenoticia.com.br\/noticia\/?p=192332"},"modified":"2020-05-26T16:09:11","modified_gmt":"2020-05-26T19:09:11","slug":"enquete-qual-reprise-de-novela-da-globo-e-mais-interessante","status":"publish","type":"post","link":"https:\/\/migracao.redenoticia.com.br\/noticia\/2020\/enquete-qual-reprise-de-novela-da-globo-e-mais-interessante\/192332","title":{"rendered":"Enquete: Qual reprise de novela da Globo \u00e9 mais interessante?"},"content":{"rendered":"<p>&#8220;Fina Estampa&#8221;, \u201cTotalmente Demais\u201d, \u201cNovo Mundo\u201d, \u201cMalha\u00e7\u00e3o\u201d Viva a Diferen\u00e7a e \u201cEta Mundo Bom\u201d voltaram a fazer parte do dia a dia do p\u00fablico diante da paralisa\u00e7\u00e3o da grava\u00e7\u00e3o de <strong><em>novelas pela Rede Globo<\/em><\/strong>, at\u00e9 o fim da Pandemia do Corona V\u00edrus. Na sua opini\u00e3o, qual reprise de novela da Globo \u00e9 mais interessante?<\/p>\n<p><script type=\"text\/javascript\" charset=\"utf-8\" data-cfasync=\"false\" src=\"https:\/\/secure.polldaddy.com\/p\/10548098.js\"><\/script><br \/>\n<noscript><a href=\"https:\/\/poll.fm\/10548098\">Qual reprise de novela da Globo \u00e9 mais interessante?<\/a><\/noscript><\/p>\n<p>&#8220;Fina Estampa&#8221; est\u00e1 sendo reprisada desde 23 de mar\u00e7o de 2020 \u00e0s 21 horas, ocupando o per\u00edodo de pausa da novela in\u00e9dita Amor de M\u00e3e, que teve suas grava\u00e7\u00f5es e exibi\u00e7\u00e3o suspensas para poupar o elenco e equipe durante a crise global do novo coronav\u00edrus (COVID-19).<\/p>\n<p>\u201cTotalmente Demais\u201d est\u00e1 sendo reprisada desde 30 de mar\u00e7o de 2020 \u00e0s 19h, durante o per\u00edodo de pausa da novela Salve-se Quem Puder.<\/p>\n<p>\u201cNovo Mundo\u201d passou a ser reprisada a partir de 30 de mar\u00e7o de 2020 na faixa das 18h, substituindo \u00c9ramos Seis, uma vez que a in\u00e9dita Nos Tempos do Imperador (que substituiria \u00c9ramos Seis), teve suas grava\u00e7\u00f5es suspensas e sua estreia adiada.<\/p>\n<p>\u201cMalha\u00e7\u00e3o\u201d Viva a Diferen\u00e7a passou a ser reprisada a partir de 6 de abril de 2020, ocupando o lugar de Malha\u00e7\u00e3o: Toda Forma de Amar, at\u00e9 a estreia da temporada in\u00e9dita Malha\u00e7\u00e3o: Transforma\u00e7\u00e3o, que teve suas grava\u00e7\u00f5es suspensas. <\/p>\n<p>\u201cEta Mundo Bom\u201d \u00e9 a trama substituta de &#8220;Avenida Brasil&#8221; no Vale a Pena Ver de Novo. Sua estreia na faixa ocorreu no dia 27 de abril de 2020.<\/p>\n","protected":false},"excerpt":{"rendered":"<p>&#8220;Fina Estampa&#8221;, \u201cTotalmente Demais\u201d, \u201cNovo Mundo\u201d, \u201cMalha\u00e7\u00e3o\u201d Viva a Diferen\u00e7a e \u201cEta Mundo Bom\u201d voltaram a fazer parte do dia a dia do p\u00fablico diante da paralisa\u00e7\u00e3o da grava\u00e7\u00e3o de novelas pela Rede Globo, at\u00e9 o fim da Pandemia do Corona V\u00edrus. Na sua opini\u00e3o, qual reprise de novela da Globo \u00e9 mais interessante? Qual [&hellip;]<\/p>\n","protected":false},"author":2,"featured_media":110075,"comment_status":"closed","ping_status":"closed","sticky":false,"template":"","format":"standard","meta":{"tdm_status":"","tdm_grid_status":"","footnotes":""},"categories":[343],"tags":[521],"class_list":{"0":"post-192332","1":"post","2":"type-post","3":"status-publish","4":"format-standard","5":"has-post-thumbnail","7":"category-televisao","8":"tag-enquete"},"_links":{"self":[{"href":"https:\/\/migracao.redenoticia.com.br\/noticia\/wp-json\/wp\/v2\/posts\/192332","targetHints":{"allow":["GET"]}}],"collection":[{"href":"https:\/\/migracao.redenoticia.com.br\/noticia\/wp-json\/wp\/v2\/posts"}],"about":[{"href":"https:\/\/migracao.redenoticia.com.br\/noticia\/wp-json\/wp\/v2\/types\/post"}],"author":[{"embeddable":true,"href":"https:\/\/migracao.redenoticia.com.br\/noticia\/wp-json\/wp\/v2\/users\/2"}],"replies":[{"embeddable":true,"href":"https:\/\/migracao.redenoticia.com.br\/noticia\/wp-json\/wp\/v2\/comments?post=192332"}],"version-history":[{"count":0,"href":"https:\/\/migracao.redenoticia.com.br\/noticia\/wp-json\/wp\/v2\/posts\/192332\/revisions"}],"wp:featuredmedia":[{"embeddable":true,"href":"https:\/\/migracao.redenoticia.com.br\/noticia\/wp-json\/wp\/v2\/media\/110075"}],"wp:attachment":[{"href":"https:\/\/migracao.redenoticia.com.br\/noticia\/wp-json\/wp\/v2\/media?parent=192332"}],"wp:term":[{"taxonomy":"category","embeddable":true,"href":"https:\/\/migracao.redenoticia.com.br\/noticia\/wp-json\/wp\/v2\/categories?post=192332"},{"taxonomy":"post_tag","embeddable":true,"href":"https:\/\/migracao.redenoticia.com.br\/noticia\/wp-json\/wp\/v2\/tags?post=192332"}],"curies":[{"name":"wp","href":"https:\/\/api.w.org\/{rel}","templated":true}]}}