{"id":192367,"date":"2020-05-06T12:12:56","date_gmt":"2020-05-06T15:12:56","guid":{"rendered":"https:\/\/www.redenoticia.com.br\/noticia\/?p=192367"},"modified":"2020-05-06T12:12:56","modified_gmt":"2020-05-06T15:12:56","slug":"resumo-novela-o-que-a-vida-me-roubou-07-05-maria-propoe-para-montserrat-ajuda-la-escapar-da-fazenda","status":"publish","type":"post","link":"https:\/\/migracao.redenoticia.com.br\/noticia\/2020\/resumo-novela-o-que-a-vida-me-roubou-07-05-maria-propoe-para-montserrat-ajuda-la-escapar-da-fazenda\/192367","title":{"rendered":"Resumo novela \u201cO Que A Vida Me Roubou\u201d 07\/05: Maria prop\u00f5e para Montserrat ajud\u00e1-la escapar da fazenda"},"content":{"rendered":"<p><img loading=\"lazy\" decoding=\"async\" src=\"https:\/\/migracao.redenoticia.com.br\/noticia\/imagens\/o-que-a-vida-me-roubou-elenco-361x300.jpg\" alt=\"\" width=\"361\" height=\"300\" class=\"aligncenter size-large wp-image-191122\" srcset=\"https:\/\/migracao.redenoticia.com.br\/noticia\/imagens\/o-que-a-vida-me-roubou-elenco-361x300.jpg 361w, https:\/\/migracao.redenoticia.com.br\/noticia\/imagens\/o-que-a-vida-me-roubou-elenco-225x187.jpg 225w, https:\/\/migracao.redenoticia.com.br\/noticia\/imagens\/o-que-a-vida-me-roubou-elenco-168x140.jpg 168w, https:\/\/migracao.redenoticia.com.br\/noticia\/imagens\/o-que-a-vida-me-roubou-elenco-102x85.jpg 102w, https:\/\/migracao.redenoticia.com.br\/noticia\/imagens\/o-que-a-vida-me-roubou-elenco.jpg 693w\" sizes=\"auto, (max-width: 361px) 100vw, 361px\" \/><\/p>\n<p><strong><em>Resumo da novela \u201cO Que A Vida Me Roubou\u201d<\/em><\/strong> em 07\/05: no cap\u00edtulo 014(*) da novela, quinta-feira, 07 de maio, na fazenda Almonte, Maria e Joventino se encontram na cozinha. Feliz, ela comenta que Alessandro n\u00e3o ama Montserrat. Joventino responde que Alessandro a ama e n\u00e3o pensa em deix\u00e1-la nunca, mas se Maria fosse mais atrevida e abusada poderia faz\u00ea-lo se apaixonar por ela. Alessandro leva Montserrat para conhecer a comunidade. Antes, busca Padre Anselmo, mas n\u00e3o o encontra. Ros\u00e1rio se emociona ao ver Alessandro. Montserrat pede a Alessandro que construa um centro de sa\u00fade e uma escola na comunidade. Ele aceita. No bosque, Jos\u00e9 Luis e Renato tem fome e conseguem trabalho em uma granja. O dono precisa levar um carregamento a Michoac\u00e1n e eles se oferecem para levar a mercadoria a seu destino. Chegando ao destino, eles entregam a mercadoria e come\u00e7am a investigar no povoado sobre o paradeiro de Alessandro Almonte.<\/p>\n<p>Na fazenda Almonte, Maria se muda para a casa grande. Montserrat se zanga. Maria diz que faz uns meses que Alessandro era um pe\u00e3o, mais pobre que ela, vivia em uma cabana e foi parido ap\u00f3s uma viola\u00e7\u00e3o, sendo filho ileg\u00edtimo. Montserrat se surpreende. Maria prop\u00f5e ajud\u00e1-la a escapar desde que ela n\u00e3o diga nada a Alessandro. Padre Anselmo chega na hora do almo\u00e7o e pede a Alessandro e Montserrat que deem trabalho a Ros\u00e1rio, j\u00e1 que ela n\u00e3o tem dinheiro. Montserrat aceita que ela viva na casa grande. Alessandro diz ao Padre Anselmo que Maria se mudou com eles e Montserrat se zangou. O padre faz Alessandro ver que agiu mal. Maria diz a Joventino que ajudar\u00e1 Montserrat a escapar. Seu tio prop\u00f5e que seria melhor se desfazer dela, j\u00e1 que Alessandro a buscaria at\u00e9 encontr\u00e1-la. Maria diz pra ele fazer o que quiser com Montserrat, desde que ela desapare\u00e7a.<\/p>\n<p>(*) edi\u00e7\u00e3o do SBT, Novela \u201cO Que A Vida Me Roubou\u201d, sujeito a altera\u00e7\u00e3o de data e conte\u00fado.<\/p>\n<p>Novela \u201cO Que A Vida Me Roubou\u201d: A hist\u00f3ria se passa em \u00c1gua Azul, onde Montserrat vive. Montserrat \u00e9 uma bela jovem socialite que sempre foi dominada por sua m\u00e3e Graziela, cuja \u00fanica preocupa\u00e7\u00e3o \u00e9 o seu elevado estatuto na sociedade, mesmo que a fam\u00edlia esteja financeiramente arruinada. Montserrat, apesar de fazer tudo o que sua m\u00e3e diz-lhe, secretamente mant\u00e9m um relacionamento com Jos\u00e9 Luis da marinha, com quem planeja se casar.<\/p>\n","protected":false},"excerpt":{"rendered":"<p>Resumo da novela \u201cO Que A Vida Me Roubou\u201d em 07\/05: no cap\u00edtulo 014(*) da novela, quinta-feira, 07 de maio, na fazenda Almonte, Maria e Joventino se encontram na cozinha. Feliz, ela comenta que Alessandro n\u00e3o ama Montserrat. Joventino responde que Alessandro a ama e n\u00e3o pensa em deix\u00e1-la nunca, mas se Maria fosse mais [&hellip;]<\/p>\n","protected":false},"author":4,"featured_media":191123,"comment_status":"closed","ping_status":"closed","sticky":false,"template":"","format":"standard","meta":{"tdm_status":"","tdm_grid_status":"","footnotes":""},"categories":[379,372,343],"tags":[441],"class_list":{"0":"post-192367","1":"post","2":"type-post","3":"status-publish","4":"format-standard","5":"has-post-thumbnail","7":"category-novelas","8":"category-sbt","9":"category-televisao","10":"tag-resumo-do-dia"},"_links":{"self":[{"href":"https:\/\/migracao.redenoticia.com.br\/noticia\/wp-json\/wp\/v2\/posts\/192367","targetHints":{"allow":["GET"]}}],"collection":[{"href":"https:\/\/migracao.redenoticia.com.br\/noticia\/wp-json\/wp\/v2\/posts"}],"about":[{"href":"https:\/\/migracao.redenoticia.com.br\/noticia\/wp-json\/wp\/v2\/types\/post"}],"author":[{"embeddable":true,"href":"https:\/\/migracao.redenoticia.com.br\/noticia\/wp-json\/wp\/v2\/users\/4"}],"replies":[{"embeddable":true,"href":"https:\/\/migracao.redenoticia.com.br\/noticia\/wp-json\/wp\/v2\/comments?post=192367"}],"version-history":[{"count":0,"href":"https:\/\/migracao.redenoticia.com.br\/noticia\/wp-json\/wp\/v2\/posts\/192367\/revisions"}],"wp:featuredmedia":[{"embeddable":true,"href":"https:\/\/migracao.redenoticia.com.br\/noticia\/wp-json\/wp\/v2\/media\/191123"}],"wp:attachment":[{"href":"https:\/\/migracao.redenoticia.com.br\/noticia\/wp-json\/wp\/v2\/media?parent=192367"}],"wp:term":[{"taxonomy":"category","embeddable":true,"href":"https:\/\/migracao.redenoticia.com.br\/noticia\/wp-json\/wp\/v2\/categories?post=192367"},{"taxonomy":"post_tag","embeddable":true,"href":"https:\/\/migracao.redenoticia.com.br\/noticia\/wp-json\/wp\/v2\/tags?post=192367"}],"curies":[{"name":"wp","href":"https:\/\/api.w.org\/{rel}","templated":true}]}}