{"id":192397,"date":"2020-05-10T13:25:33","date_gmt":"2020-05-10T16:25:33","guid":{"rendered":"https:\/\/www.redenoticia.com.br\/noticia\/?p=192397"},"modified":"2020-05-10T14:46:29","modified_gmt":"2020-05-10T17:46:29","slug":"merkel-autoriza-o-reinicio-do-campeonato-alemao","status":"publish","type":"post","link":"https:\/\/migracao.redenoticia.com.br\/noticia\/2020\/merkel-autoriza-o-reinicio-do-campeonato-alemao\/192397","title":{"rendered":"Liga Alem\u00e3 de Futebol divulga Borussia e Schalke para 16 de maio"},"content":{"rendered":"<p>A chanceler da Alemanha, Angela Merkel, autorizou o rein\u00edcio do Campeonato Alem\u00e3o de futebol a partir da segunda quinzena de maio. Merkel declarou: &#8220;Conversamos sobre muitas outras \u00e1reas. Por exemplo, a abertura de lojas sem restri\u00e7\u00f5es, mas com regras de higiene, esportes de lazer e a 1\u00aa e a 2\u00aa divis\u00f5es do Campeonato Alem\u00e3o, que podem retornar ap\u00f3s a segunda metade de maio, obviamente aderindo ao acordo e \u00e0s regras testadas\u201d.<\/p>\n<p>Diante desta decis\u00e3o, a Liga Alem\u00e3 de Futebol (DFL) anunciou o rein\u00edcio do Campeonato Alem\u00e3o no dia 16 de maio, com a partida entre Borussia Dortmund e Schalke 04 (o cl\u00e1ssico do vale do Ruhr). Para o retorno, as equipes ter\u00e3o que ficar em isolamento completo por sete dias antes de 16 de maio.<\/p>\n<p>As equipes profissionais da Alemanha treinam desde abril sob r\u00edgidas medidas de seguran\u00e7a sanit\u00e1ria, incluindo testes de todos os jogadores e t\u00e9cnicos. O primeiro-ministro da Baviera, Markus Soeder, disse que apoia a decis\u00e3o, mas pediu aos jogadores que se comportem com responsabilidade.<\/p>\n<p>Todas as partidas devem ser disputadas sem a presen\u00e7a de torcedores. Outros cinco jogos ser\u00e3o realizados no dia 16 de maio, todos seguindo um rigoroso protocolo de sa\u00fade.<\/p>\n","protected":false},"excerpt":{"rendered":"<p>A chanceler da Alemanha, Angela Merkel, autorizou o rein\u00edcio do Campeonato Alem\u00e3o de futebol a partir da segunda quinzena de maio. Merkel declarou: &#8220;Conversamos sobre muitas outras \u00e1reas. Por exemplo, a abertura de lojas sem restri\u00e7\u00f5es, mas com regras de higiene, esportes de lazer e a 1\u00aa e a 2\u00aa divis\u00f5es do Campeonato Alem\u00e3o, que [&hellip;]<\/p>\n","protected":false},"author":2,"featured_media":148458,"comment_status":"closed","ping_status":"closed","sticky":false,"template":"","format":"standard","meta":{"tdm_status":"","tdm_grid_status":"","footnotes":""},"categories":[22],"tags":[559],"class_list":{"0":"post-192397","1":"post","2":"type-post","3":"status-publish","4":"format-standard","5":"has-post-thumbnail","7":"category-brasil","8":"tag-noticia-saude"},"_links":{"self":[{"href":"https:\/\/migracao.redenoticia.com.br\/noticia\/wp-json\/wp\/v2\/posts\/192397","targetHints":{"allow":["GET"]}}],"collection":[{"href":"https:\/\/migracao.redenoticia.com.br\/noticia\/wp-json\/wp\/v2\/posts"}],"about":[{"href":"https:\/\/migracao.redenoticia.com.br\/noticia\/wp-json\/wp\/v2\/types\/post"}],"author":[{"embeddable":true,"href":"https:\/\/migracao.redenoticia.com.br\/noticia\/wp-json\/wp\/v2\/users\/2"}],"replies":[{"embeddable":true,"href":"https:\/\/migracao.redenoticia.com.br\/noticia\/wp-json\/wp\/v2\/comments?post=192397"}],"version-history":[{"count":0,"href":"https:\/\/migracao.redenoticia.com.br\/noticia\/wp-json\/wp\/v2\/posts\/192397\/revisions"}],"wp:featuredmedia":[{"embeddable":true,"href":"https:\/\/migracao.redenoticia.com.br\/noticia\/wp-json\/wp\/v2\/media\/148458"}],"wp:attachment":[{"href":"https:\/\/migracao.redenoticia.com.br\/noticia\/wp-json\/wp\/v2\/media?parent=192397"}],"wp:term":[{"taxonomy":"category","embeddable":true,"href":"https:\/\/migracao.redenoticia.com.br\/noticia\/wp-json\/wp\/v2\/categories?post=192397"},{"taxonomy":"post_tag","embeddable":true,"href":"https:\/\/migracao.redenoticia.com.br\/noticia\/wp-json\/wp\/v2\/tags?post=192397"}],"curies":[{"name":"wp","href":"https:\/\/api.w.org\/{rel}","templated":true}]}}