{"id":1924,"date":"2009-05-23T20:09:44","date_gmt":"2009-05-24T00:09:44","guid":{"rendered":"http:\/\/www.redenoticia.com.br\/noticia\/?p=1924"},"modified":"2009-05-23T20:09:44","modified_gmt":"2009-05-24T00:09:44","slug":"justica-cancela-todos-os-shows-de-jaguariuna","status":"publish","type":"post","link":"https:\/\/migracao.redenoticia.com.br\/noticia\/2009\/justica-cancela-todos-os-shows-de-jaguariuna\/1924","title":{"rendered":"Justi\u00e7a cancela todos os shows de Jaguariuna"},"content":{"rendered":"<p>A pedido do Minist\u00e9rio P\u00fablico Estadual, a Justi\u00e7a da cidade de Amparo (interior paulista, a 134 km da capital) determinou o cancelamento dos shows que fariam parte da programa\u00e7\u00e3o do Festival de Rodeio de Jaguari\u00fana neste fim de semana, incluindo o de Roberto Carlos, previsto para a noite de domingo, 24. A decis\u00e3o foi tomada depois que<strong> <\/strong><span style=\"color: #000000;\"><strong>quatro pessoas morreram e outras 19 ficaram feridas num tumulto no evento<\/strong><\/span><strong>,<\/strong> na madrugada deste s\u00e1bado, 23.<\/p>\n<p>A decis\u00e3o tem car\u00e1ter liminar, e foi tomada pelo juiz Fabricio Reali Zia, de plant\u00e3o no F\u00f3rum de Amparo. A empresa Red Eventos ainda pode recorrer, mas at\u00e9 o in\u00edcio da noite n\u00e3o havia se manifestado. Ainda neste s\u00e1bado a programa\u00e7\u00e3o do festival previa os shows da dupla sertaneja Victor &amp; Leo. O show mais aguardado, no entanto, era o do &#8220;Rei&#8221;, na noite do domingo.<\/p>\n<p>O Minist\u00e9rio P\u00fablico pediu o cancelamento por considerar que os organizadores do evento n\u00e3o garantem a seguran\u00e7a do p\u00fablico. No tumulto da madrugada, as estudantes Vivian Montagner Comprera, de 18 anos, Andr\u00e9ia Paola Machado de Carvalho, Giovana Peretti, de 27, e Ariel Toroni Avelar, de 19, foram pisoteados na abertura dos port\u00f5es do show da dupla Jo\u00e3o Bosco e Vinicius. De acordo com informa\u00e7\u00f5es do Hospital Municipal Walter Ferrari, os quatro morreram com parada cardiorrespirat\u00f3ria.<\/p>\n<p>Fonte: Estadao.com.br<\/p>\n","protected":false},"excerpt":{"rendered":"<p>A pedido do Minist\u00e9rio P\u00fablico Estadual, a Justi\u00e7a da cidade de Amparo (interior paulista, a 134 km da capital) determinou o cancelamento dos shows que fariam parte da programa\u00e7\u00e3o do Festival de Rodeio de Jaguari\u00fana neste fim de semana, incluindo o de Roberto Carlos, previsto para a noite de domingo, 24. A decis\u00e3o foi tomada [&hellip;]<\/p>\n","protected":false},"author":2,"featured_media":0,"comment_status":"open","ping_status":"open","sticky":false,"template":"","format":"standard","meta":{"tdm_status":"","tdm_grid_status":"","footnotes":""},"categories":[22],"tags":[],"class_list":{"0":"post-1924","1":"post","2":"type-post","3":"status-publish","4":"format-standard","6":"category-brasil"},"_links":{"self":[{"href":"https:\/\/migracao.redenoticia.com.br\/noticia\/wp-json\/wp\/v2\/posts\/1924","targetHints":{"allow":["GET"]}}],"collection":[{"href":"https:\/\/migracao.redenoticia.com.br\/noticia\/wp-json\/wp\/v2\/posts"}],"about":[{"href":"https:\/\/migracao.redenoticia.com.br\/noticia\/wp-json\/wp\/v2\/types\/post"}],"author":[{"embeddable":true,"href":"https:\/\/migracao.redenoticia.com.br\/noticia\/wp-json\/wp\/v2\/users\/2"}],"replies":[{"embeddable":true,"href":"https:\/\/migracao.redenoticia.com.br\/noticia\/wp-json\/wp\/v2\/comments?post=1924"}],"version-history":[{"count":0,"href":"https:\/\/migracao.redenoticia.com.br\/noticia\/wp-json\/wp\/v2\/posts\/1924\/revisions"}],"wp:attachment":[{"href":"https:\/\/migracao.redenoticia.com.br\/noticia\/wp-json\/wp\/v2\/media?parent=1924"}],"wp:term":[{"taxonomy":"category","embeddable":true,"href":"https:\/\/migracao.redenoticia.com.br\/noticia\/wp-json\/wp\/v2\/categories?post=1924"},{"taxonomy":"post_tag","embeddable":true,"href":"https:\/\/migracao.redenoticia.com.br\/noticia\/wp-json\/wp\/v2\/tags?post=1924"}],"curies":[{"name":"wp","href":"https:\/\/api.w.org\/{rel}","templated":true}]}}