{"id":192463,"date":"2020-05-08T11:38:20","date_gmt":"2020-05-08T14:38:20","guid":{"rendered":"https:\/\/www.redenoticia.com.br\/noticia\/?p=192463"},"modified":"2020-05-08T11:38:20","modified_gmt":"2020-05-08T14:38:20","slug":"resumo-novela-novo-mundo-09-05-avilez-decide-embarcar-dom-pedro-a-forca-para-portugal","status":"publish","type":"post","link":"https:\/\/migracao.redenoticia.com.br\/noticia\/2020\/resumo-novela-novo-mundo-09-05-avilez-decide-embarcar-dom-pedro-a-forca-para-portugal\/192463","title":{"rendered":"Resumo novela \u201cNovo Mundo\u201d 09\/05: Avilez decide embarcar Dom Pedro \u00e0 for\u00e7a para Portugal"},"content":{"rendered":"<p><img loading=\"lazy\" decoding=\"async\" src=\"https:\/\/migracao.redenoticia.com.br\/noticia\/imagens\/novo-mundo-reprise-globo-300x300.jpg\" alt=\"\" width=\"300\" height=\"300\" class=\"aligncenter size-large wp-image-190256\" srcset=\"https:\/\/migracao.redenoticia.com.br\/noticia\/imagens\/novo-mundo-reprise-globo-300x300.jpg 300w, https:\/\/migracao.redenoticia.com.br\/noticia\/imagens\/novo-mundo-reprise-globo-187x187.jpg 187w, https:\/\/migracao.redenoticia.com.br\/noticia\/imagens\/novo-mundo-reprise-globo-150x150.jpg 150w, https:\/\/migracao.redenoticia.com.br\/noticia\/imagens\/novo-mundo-reprise-globo-140x140.jpg 140w, https:\/\/migracao.redenoticia.com.br\/noticia\/imagens\/novo-mundo-reprise-globo-85x85.jpg 85w, https:\/\/migracao.redenoticia.com.br\/noticia\/imagens\/novo-mundo-reprise-globo.jpg 600w\" sizes=\"auto, (max-width: 300px) 100vw, 300px\" \/><\/p>\n<p><em><strong>Resumo novela \u201cNovo Mundo\u201d 09\/05<\/strong><\/em>: no cap\u00edtulo 036(*) da novela, s\u00e1bado, 09 de maio, Dom Pedro enfrenta Avilez. Sebasti\u00e3o oferece apoio ao pr\u00edncipe. Avilez e Sebasti\u00e3o s\u00e3o vaiados na porta do Pa\u00e7o. Dom Pedro e Chala\u00e7a acusam Thomas de trai\u00e7\u00e3o. Cec\u00edlia escreve um artigo novo para o jornal e conta para Idalina. Elvira sugere que criem uma companhia de teatro no Brasil e Leopoldina concorda. Jacira e Piat\u00e3 passam a noite juntos. Thomas instrui N\u00edvea a vigiar Anna. Domitila comemora que Dom Pedro tenha decidido ficar e pede que Francisco organize seu encontro com o pr\u00edncipe.<\/p>\n<p>Thomas vai at\u00e9 a casa de Domitila, afirma que pode promover seu encontro com Dom Pedro e faz um pacto com ela. Piat\u00e3 pede Jacira em casamento. Avilez decide embarcar Dom Pedro \u00e0 for\u00e7a para Portugal e passa as ordens para os soldados. Avilez amea\u00e7a Dom Pedro. Pedro pede para Joaquim levar Leopoldina e seus filhos para a fazenda.<\/p>\n<p>(*) edi\u00e7\u00e3o da Rede Globo, Novela \u201cNovo Mundo\u201d, sujeito a altera\u00e7\u00e3o de data e conte\u00fado.<\/p>\n<p>Sinopse \u201cNovo Mundo\u201d: Em 1817 Anna Millman (Isabelle Drummond) \u00e9 uma inglesa que \u00e9 professora de portugu\u00eas que se envolve com o ator luso-brasileiro Joaquim Martinho (Chay Suede). Os dois se conhecem na Europa, mas v\u00eam ao pa\u00eds por causa da uni\u00e3o da futura imperatriz do Brasil com Dom Pedro (Caio Castro). Seus destinos se cruzam ao se encontrarem a bordo do navio que traz a princesa Maria Leopoldina de \u00c1ustria (Let\u00edcia Colin) para o Brasil, j\u00e1 que havia se casado com Dom Pedro por meio de uma procura\u00e7\u00e3o. Os dois iniciam um romance durante a viagem ao Novo Mundo. <\/p>\n","protected":false},"excerpt":{"rendered":"<p>Resumo novela \u201cNovo Mundo\u201d 09\/05: no cap\u00edtulo 036(*) da novela, s\u00e1bado, 09 de maio, Dom Pedro enfrenta Avilez. Sebasti\u00e3o oferece apoio ao pr\u00edncipe. Avilez e Sebasti\u00e3o s\u00e3o vaiados na porta do Pa\u00e7o. Dom Pedro e Chala\u00e7a acusam Thomas de trai\u00e7\u00e3o. Cec\u00edlia escreve um artigo novo para o jornal e conta para Idalina. Elvira sugere que [&hellip;]<\/p>\n","protected":false},"author":4,"featured_media":191224,"comment_status":"closed","ping_status":"closed","sticky":false,"template":"","format":"standard","meta":{"tdm_status":"","tdm_grid_status":"","footnotes":""},"categories":[379,557,375,343],"tags":[441],"class_list":{"0":"post-192463","1":"post","2":"type-post","3":"status-publish","4":"format-standard","5":"has-post-thumbnail","7":"category-novelas","8":"category-novo-mundo","9":"category-rede-globo","10":"category-televisao","11":"tag-resumo-do-dia"},"_links":{"self":[{"href":"https:\/\/migracao.redenoticia.com.br\/noticia\/wp-json\/wp\/v2\/posts\/192463","targetHints":{"allow":["GET"]}}],"collection":[{"href":"https:\/\/migracao.redenoticia.com.br\/noticia\/wp-json\/wp\/v2\/posts"}],"about":[{"href":"https:\/\/migracao.redenoticia.com.br\/noticia\/wp-json\/wp\/v2\/types\/post"}],"author":[{"embeddable":true,"href":"https:\/\/migracao.redenoticia.com.br\/noticia\/wp-json\/wp\/v2\/users\/4"}],"replies":[{"embeddable":true,"href":"https:\/\/migracao.redenoticia.com.br\/noticia\/wp-json\/wp\/v2\/comments?post=192463"}],"version-history":[{"count":0,"href":"https:\/\/migracao.redenoticia.com.br\/noticia\/wp-json\/wp\/v2\/posts\/192463\/revisions"}],"wp:featuredmedia":[{"embeddable":true,"href":"https:\/\/migracao.redenoticia.com.br\/noticia\/wp-json\/wp\/v2\/media\/191224"}],"wp:attachment":[{"href":"https:\/\/migracao.redenoticia.com.br\/noticia\/wp-json\/wp\/v2\/media?parent=192463"}],"wp:term":[{"taxonomy":"category","embeddable":true,"href":"https:\/\/migracao.redenoticia.com.br\/noticia\/wp-json\/wp\/v2\/categories?post=192463"},{"taxonomy":"post_tag","embeddable":true,"href":"https:\/\/migracao.redenoticia.com.br\/noticia\/wp-json\/wp\/v2\/tags?post=192463"}],"curies":[{"name":"wp","href":"https:\/\/api.w.org\/{rel}","templated":true}]}}