{"id":192523,"date":"2020-05-10T15:05:39","date_gmt":"2020-05-10T18:05:39","guid":{"rendered":"https:\/\/www.redenoticia.com.br\/noticia\/?p=192523"},"modified":"2020-05-10T15:05:39","modified_gmt":"2020-05-10T18:05:39","slug":"resumo-novela-cumplices-de-um-resgate-11-05-rebeca-e-nina-estranham-manuela","status":"publish","type":"post","link":"https:\/\/migracao.redenoticia.com.br\/noticia\/2020\/resumo-novela-cumplices-de-um-resgate-11-05-rebeca-e-nina-estranham-manuela\/192523","title":{"rendered":"Resumo novela \u201cC\u00famplices de um Resgate\u201d 11\/05: Rebeca e Nina estranham Manuela"},"content":{"rendered":"<p> <img loading=\"lazy\" decoding=\"async\" class=\"aligncenter size-large wp-image-164526\" src=\"https:\/\/migracao.redenoticia.com.br\/noticia\/imagens\/cumplices-de-um-resgate-001-316x300.jpg\" alt=\"\" width=\"316\" height=\"300\" srcset=\"https:\/\/migracao.redenoticia.com.br\/noticia\/imagens\/cumplices-de-um-resgate-001-316x300.jpg 316w, https:\/\/migracao.redenoticia.com.br\/noticia\/imagens\/cumplices-de-um-resgate-001-197x187.jpg 197w, https:\/\/migracao.redenoticia.com.br\/noticia\/imagens\/cumplices-de-um-resgate-001-150x143.jpg 150w, https:\/\/migracao.redenoticia.com.br\/noticia\/imagens\/cumplices-de-um-resgate-001.jpg 526w\" sizes=\"auto, (max-width: 316px) 100vw, 316px\" \/><\/p>\n<p><strong><em>Resumo novela \u201cC\u00famplices de um Resgate\u201d 11\/05<\/em><\/strong>: no cap\u00edtulo 352(*) da novela, segunda-feira, 11 de maio, Isabela volta a ser ela mesma na mans\u00e3o e Manuela vai de volta para o vilarejo, por\u00e9m, a menina deixa seu celular cair no quarto antes de ir embora. Os seis an\u00f5es pedem demiss\u00e3o por encontrar um emprego que paga um sal\u00e1rio melhor. Para segurar Nico, Giuseppe d\u00e1 um aumento de sal\u00e1rio para seu assistente. Meire diz que estranha o homem envolvido em adotar os irm\u00e3os Vaz. Meire garante para Flora que viu ele com fotos de v\u00e1rias crian\u00e7as e que precisam investigar quem \u00e9 esse casal.<\/p>\n<p>Frederico vai at\u00e9 a mans\u00e3o e descobre que Navarro \u00e9 apenas empregado do local, pois a casa \u00e9 da Regina. Arthur fica chocado ao saber que Priscila \u00e9 filha de Geraldo. Rebeca e Nina estranham o comportamento de Manuela, que voltou a ser como sempre foi, inclusive quanto as roupas. Geraldo conta para Regina que ir\u00e1 sumir da cidade e pedir demiss\u00e3o da gravadora devido a pris\u00e3o de Joel.<\/p>\n<p>(*) edi\u00e7\u00e3o do SBT, Novela \u201cC\u00famplices de um Resgate\u201d, sujeito a altera\u00e7\u00e3o de data e conte\u00fado.<\/p>\n<p>\u201cC\u00famplices de um Resgate\u201d &#8211; Duas irm\u00e3s g\u00eameas univitelinas que foram separadas ap\u00f3s nascimento, se reencontram somente ap\u00f3s doze anos. Manuela, uma das g\u00eameas, \u00e9 doce, meiga, gentil, e muito talentosa para a m\u00fasica e tem uma voz encantadora. Vive uma vida feliz no Vilarejo dos Sonhos, onde mora com sua av\u00f3 Nina, sua tia Helena e sua m\u00e3e Rebeca, que d\u00e1 muito amor e carinho a filha por ela nunca ter tido um pai, e ela \u00e9 a m\u00e3e biol\u00f3gica das duas garotas, mas nunca soube que teve g\u00eameas.<\/p>\n","protected":false},"excerpt":{"rendered":"<p>Resumo novela \u201cC\u00famplices de um Resgate\u201d 11\/05: no cap\u00edtulo 352(*) da novela, segunda-feira, 11 de maio, Isabela volta a ser ela mesma na mans\u00e3o e Manuela vai de volta para o vilarejo, por\u00e9m, a menina deixa seu celular cair no quarto antes de ir embora. Os seis an\u00f5es pedem demiss\u00e3o por encontrar um emprego que [&hellip;]<\/p>\n","protected":false},"author":2,"featured_media":164525,"comment_status":"closed","ping_status":"closed","sticky":false,"template":"","format":"standard","meta":{"tdm_status":"","tdm_grid_status":"","footnotes":""},"categories":[379,372,343],"tags":[441],"class_list":{"0":"post-192523","1":"post","2":"type-post","3":"status-publish","4":"format-standard","5":"has-post-thumbnail","7":"category-novelas","8":"category-sbt","9":"category-televisao","10":"tag-resumo-do-dia"},"_links":{"self":[{"href":"https:\/\/migracao.redenoticia.com.br\/noticia\/wp-json\/wp\/v2\/posts\/192523","targetHints":{"allow":["GET"]}}],"collection":[{"href":"https:\/\/migracao.redenoticia.com.br\/noticia\/wp-json\/wp\/v2\/posts"}],"about":[{"href":"https:\/\/migracao.redenoticia.com.br\/noticia\/wp-json\/wp\/v2\/types\/post"}],"author":[{"embeddable":true,"href":"https:\/\/migracao.redenoticia.com.br\/noticia\/wp-json\/wp\/v2\/users\/2"}],"replies":[{"embeddable":true,"href":"https:\/\/migracao.redenoticia.com.br\/noticia\/wp-json\/wp\/v2\/comments?post=192523"}],"version-history":[{"count":0,"href":"https:\/\/migracao.redenoticia.com.br\/noticia\/wp-json\/wp\/v2\/posts\/192523\/revisions"}],"wp:featuredmedia":[{"embeddable":true,"href":"https:\/\/migracao.redenoticia.com.br\/noticia\/wp-json\/wp\/v2\/media\/164525"}],"wp:attachment":[{"href":"https:\/\/migracao.redenoticia.com.br\/noticia\/wp-json\/wp\/v2\/media?parent=192523"}],"wp:term":[{"taxonomy":"category","embeddable":true,"href":"https:\/\/migracao.redenoticia.com.br\/noticia\/wp-json\/wp\/v2\/categories?post=192523"},{"taxonomy":"post_tag","embeddable":true,"href":"https:\/\/migracao.redenoticia.com.br\/noticia\/wp-json\/wp\/v2\/tags?post=192523"}],"curies":[{"name":"wp","href":"https:\/\/api.w.org\/{rel}","templated":true}]}}