{"id":192594,"date":"2020-05-12T15:32:15","date_gmt":"2020-05-12T18:32:15","guid":{"rendered":"https:\/\/www.redenoticia.com.br\/noticia\/?p=192594"},"modified":"2020-05-12T18:34:06","modified_gmt":"2020-05-12T21:34:06","slug":"resumo-novela-o-que-a-vida-me-roubou-13-05-joventino-aceita-matar-alessandro","status":"publish","type":"post","link":"https:\/\/migracao.redenoticia.com.br\/noticia\/2020\/resumo-novela-o-que-a-vida-me-roubou-13-05-joventino-aceita-matar-alessandro\/192594","title":{"rendered":"Resumo novela \u201cO Que A Vida Me Roubou\u201d 13\/05: Joventino aceita matar Alessandro"},"content":{"rendered":"<p> <img loading=\"lazy\" decoding=\"async\" class=\"aligncenter size-large wp-image-191122\" src=\"https:\/\/migracao.redenoticia.com.br\/noticia\/imagens\/o-que-a-vida-me-roubou-elenco-361x300.jpg\" alt=\"\" width=\"361\" height=\"300\" srcset=\"https:\/\/migracao.redenoticia.com.br\/noticia\/imagens\/o-que-a-vida-me-roubou-elenco-361x300.jpg 361w, https:\/\/migracao.redenoticia.com.br\/noticia\/imagens\/o-que-a-vida-me-roubou-elenco-225x187.jpg 225w, https:\/\/migracao.redenoticia.com.br\/noticia\/imagens\/o-que-a-vida-me-roubou-elenco-168x140.jpg 168w, https:\/\/migracao.redenoticia.com.br\/noticia\/imagens\/o-que-a-vida-me-roubou-elenco-102x85.jpg 102w, https:\/\/migracao.redenoticia.com.br\/noticia\/imagens\/o-que-a-vida-me-roubou-elenco.jpg 693w\" sizes=\"auto, (max-width: 361px) 100vw, 361px\" \/><\/p>\n<p><strong><em>Resumo da novela \u201cO Que A Vida Me Roubou\u201d<\/em><\/strong> em 13\/05: no cap\u00edtulo 018(*) da novela, quarta-feira, 13 de maio, na fazenda Almonte, o Padre Anselmo escuta Montserrat e a pede que n\u00e3o deixe Alessandro, pois \u00e9 um bom homem. Montserrat, angustiada, confessa que ela pediu a Jos\u00e9 Luis que fosse embora, mas ele n\u00e3o foi. O Padre Anselmo pede a Ros\u00e1rio que apoie Montserrat e que n\u00e3o a deixe s\u00f3. Na resid\u00eancia Mendon\u00e7a, Carlota comenta com Graciela que ir\u00e1 passar umas semanas com Montserrat, j\u00e1 que Alessandro a convidou. Graciela pede que ela fique para ajud\u00e1-la com Lauro. Dem\u00e9trio se despede de seus pais e diz que ir\u00e1 fazer uma viagem de neg\u00f3cios. Ele entrega um cheque a Graciela e Lauro se sente orgulhoso de seu filho. Adolfo visita Nadia em sua resid\u00eancia para despedir-se. Nadia o abra\u00e7a e comenta que se sente s\u00f3, j\u00e1 que Pedro n\u00e3o fala com ela. Adolfo se desconcerta e, triste, diz que ir\u00e1 embora do pa\u00eds. Na fazenda Almonte, Maria se zanga porque Alessandro lhe pede que n\u00e3o disponha da casa, j\u00e1 que Montserrat ser\u00e1 a respons\u00e1vel pelos assuntos da casa.<\/p>\n<p>Montserrat pede a Dominga que lhe ensine como controlar as coisas da casa, pois n\u00e3o sabe. Dominga, emocionada, aceita ensinar-lhe tudo. Ros\u00e1rio leva a Jos\u00e9 Luis uma carta, escrita por Montserrat, pedindo-lhe que v\u00e1 embora e n\u00e3o complique mais sua vida. Jos\u00e9 Luis pede a Ros\u00e1rio que diga a sua patroa que quer falar com ela. Ros\u00e1rio d\u00e1 o recado do Padre Anselmo, para que ele o visite em sua par\u00f3quia. Jos\u00e9 Luis suplica a Montserrat que fujam, mas ela se nega, chorando. Na casa do capataz, Joventino diz a Jos\u00e9 Luis que n\u00e3o est\u00e1 de acordo com o sal\u00e1rio que lhe pagam. Jos\u00e9 Luis o explica que ser\u00e1 pago como deve ser. Loreto prop\u00f5e a Joventino que se desfa\u00e7a de Alessandro, j\u00e1 que Pedro quer os terrenos e ele n\u00e3o aceita vende-los. Joventino aceita mat\u00e1-lo, com a condi\u00e7\u00e3o de ficar com a fazenda e a esposa de Alessandro.<\/p>\n<p>(*) edi\u00e7\u00e3o do SBT, Novela \u201cO Que A Vida Me Roubou\u201d, sujeito a altera\u00e7\u00e3o de data e conte\u00fado.<\/p>\n<p>Novela \u201cO Que A Vida Me Roubou\u201d: A hist\u00f3ria se passa em \u00c1gua Azul, onde Montserrat vive. Montserrat \u00e9 uma bela jovem socialite que sempre foi dominada por sua m\u00e3e Graziela, cuja \u00fanica preocupa\u00e7\u00e3o \u00e9 o seu elevado estatuto na sociedade, mesmo que a fam\u00edlia esteja financeiramente arruinada. Montserrat, apesar de fazer tudo o que sua m\u00e3e diz-lhe, secretamente mant\u00e9m um relacionamento com Jos\u00e9 Luis da marinha, com quem planeja se casar.<\/p>\n","protected":false},"excerpt":{"rendered":"<p>Resumo da novela \u201cO Que A Vida Me Roubou\u201d em 13\/05: no cap\u00edtulo 018(*) da novela, quarta-feira, 13 de maio, na fazenda Almonte, o Padre Anselmo escuta Montserrat e a pede que n\u00e3o deixe Alessandro, pois \u00e9 um bom homem. Montserrat, angustiada, confessa que ela pediu a Jos\u00e9 Luis que fosse embora, mas ele n\u00e3o [&hellip;]<\/p>\n","protected":false},"author":2,"featured_media":191123,"comment_status":"closed","ping_status":"closed","sticky":false,"template":"","format":"standard","meta":{"tdm_status":"","tdm_grid_status":"","footnotes":""},"categories":[379,372,343],"tags":[441],"class_list":{"0":"post-192594","1":"post","2":"type-post","3":"status-publish","4":"format-standard","5":"has-post-thumbnail","7":"category-novelas","8":"category-sbt","9":"category-televisao","10":"tag-resumo-do-dia"},"_links":{"self":[{"href":"https:\/\/migracao.redenoticia.com.br\/noticia\/wp-json\/wp\/v2\/posts\/192594","targetHints":{"allow":["GET"]}}],"collection":[{"href":"https:\/\/migracao.redenoticia.com.br\/noticia\/wp-json\/wp\/v2\/posts"}],"about":[{"href":"https:\/\/migracao.redenoticia.com.br\/noticia\/wp-json\/wp\/v2\/types\/post"}],"author":[{"embeddable":true,"href":"https:\/\/migracao.redenoticia.com.br\/noticia\/wp-json\/wp\/v2\/users\/2"}],"replies":[{"embeddable":true,"href":"https:\/\/migracao.redenoticia.com.br\/noticia\/wp-json\/wp\/v2\/comments?post=192594"}],"version-history":[{"count":0,"href":"https:\/\/migracao.redenoticia.com.br\/noticia\/wp-json\/wp\/v2\/posts\/192594\/revisions"}],"wp:featuredmedia":[{"embeddable":true,"href":"https:\/\/migracao.redenoticia.com.br\/noticia\/wp-json\/wp\/v2\/media\/191123"}],"wp:attachment":[{"href":"https:\/\/migracao.redenoticia.com.br\/noticia\/wp-json\/wp\/v2\/media?parent=192594"}],"wp:term":[{"taxonomy":"category","embeddable":true,"href":"https:\/\/migracao.redenoticia.com.br\/noticia\/wp-json\/wp\/v2\/categories?post=192594"},{"taxonomy":"post_tag","embeddable":true,"href":"https:\/\/migracao.redenoticia.com.br\/noticia\/wp-json\/wp\/v2\/tags?post=192594"}],"curies":[{"name":"wp","href":"https:\/\/api.w.org\/{rel}","templated":true}]}}