{"id":192643,"date":"2020-05-13T12:43:18","date_gmt":"2020-05-13T15:43:18","guid":{"rendered":"https:\/\/www.redenoticia.com.br\/noticia\/?p=192643"},"modified":"2020-05-13T12:43:18","modified_gmt":"2020-05-13T15:43:18","slug":"resumo-novela-malhacao-14-05-lica-e-tina-recebem-uma-advertencia-de-boris","status":"publish","type":"post","link":"https:\/\/migracao.redenoticia.com.br\/noticia\/2020\/resumo-novela-malhacao-14-05-lica-e-tina-recebem-uma-advertencia-de-boris\/192643","title":{"rendered":"Resumo novela \u201cMalha\u00e7\u00e3o\u201d 14\/05: Lica e Tina recebem uma advert\u00eancia de B\u00f3ris"},"content":{"rendered":"<p><img loading=\"lazy\" decoding=\"async\" src=\"https:\/\/migracao.redenoticia.com.br\/noticia\/imagens\/malhacao-viva-diferenca-reprise-300x300.jpg\" alt=\"\" width=\"300\" height=\"300\" class=\"aligncenter size-large wp-image-190255\" srcset=\"https:\/\/migracao.redenoticia.com.br\/noticia\/imagens\/malhacao-viva-diferenca-reprise-300x300.jpg 300w, https:\/\/migracao.redenoticia.com.br\/noticia\/imagens\/malhacao-viva-diferenca-reprise-187x187.jpg 187w, https:\/\/migracao.redenoticia.com.br\/noticia\/imagens\/malhacao-viva-diferenca-reprise-150x150.jpg 150w, https:\/\/migracao.redenoticia.com.br\/noticia\/imagens\/malhacao-viva-diferenca-reprise-140x140.jpg 140w, https:\/\/migracao.redenoticia.com.br\/noticia\/imagens\/malhacao-viva-diferenca-reprise-85x85.jpg 85w, https:\/\/migracao.redenoticia.com.br\/noticia\/imagens\/malhacao-viva-diferenca-reprise.jpg 525w\" sizes=\"auto, (max-width: 300px) 100vw, 300px\" \/><\/p>\n<p><em><strong>Resumo novela \u201cMalha\u00e7\u00e3o\u201d Viva a Diferen\u00e7a 13\/05<\/strong><\/em>: no cap\u00edtulo 028(*) da novela, quinta-feira, 14 de maio, Tina discute com Mitsuko. Ellen dispensa Fio. Keyla toma mais um comprimido para emagrecer. Lica e Tina recebem uma advert\u00eancia de B\u00f3ris. Josefina pede para Tato avisar a Roney que ela ir\u00e1 cozinhar na lanchonete. Keyla sente um mal-estar e tenta manter a calma.<\/p>\n<p>Tato pede a Roney para treinar para o campeonato de bicicleta. Lica se surpreende ao ver MB e Samantha juntos. Keyla toma mais uma dose do rem\u00e9dio para emagrecer.<\/p>\n<p>(*) edi\u00e7\u00e3o da Rede Globo, Novela \u201cMalha\u00e7\u00e3o\u201d Viva a Diferen\u00e7a, sujeito a altera\u00e7\u00e3o de data e conte\u00fado.<\/p>\n<p>\u201cMalha\u00e7\u00e3o\u201d Viva a Diferen\u00e7a &#8211; No vibrante e ca\u00f3tico universo de S\u00e3o Paulo, Keyla (Gabriela Medvedovski), Ben\u00ea (Daphne Bozaski), Tina (Ana Hikari), Lica (Manoela Aliperti) e Ellen (Heslaine Vieira), cinco adolescentes que n\u00e3o se conheciam, se veem presas sozinhas no mesmo vag\u00e3o de metr\u00f4 por obra do acaso durante uma pane em um dia chuvoso. Como se n\u00e3o bastasse a tens\u00e3o natural da situa\u00e7\u00e3o, Keyla entra em trabalho de parto e elas se unem em solidariedade para ajud\u00e1-la no nascimento do beb\u00ea mesmo sem recursos dispon\u00edveis no local, criando um v\u00ednculo de amizade entre cinco garotas com backgrounds e personalidades completamente diferentes.<\/p>\n","protected":false},"excerpt":{"rendered":"<p>Resumo novela \u201cMalha\u00e7\u00e3o\u201d Viva a Diferen\u00e7a 13\/05: no cap\u00edtulo 028(*) da novela, quinta-feira, 14 de maio, Tina discute com Mitsuko. Ellen dispensa Fio. Keyla toma mais um comprimido para emagrecer. Lica e Tina recebem uma advert\u00eancia de B\u00f3ris. Josefina pede para Tato avisar a Roney que ela ir\u00e1 cozinhar na lanchonete. Keyla sente um mal-estar [&hellip;]<\/p>\n","protected":false},"author":4,"featured_media":190254,"comment_status":"closed","ping_status":"closed","sticky":false,"template":"","format":"standard","meta":{"tdm_status":"","tdm_grid_status":"","footnotes":""},"categories":[447,379,375,343],"tags":[441],"class_list":{"0":"post-192643","1":"post","2":"type-post","3":"status-publish","4":"format-standard","5":"has-post-thumbnail","7":"category-malhacao","8":"category-novelas","9":"category-rede-globo","10":"category-televisao","11":"tag-resumo-do-dia"},"_links":{"self":[{"href":"https:\/\/migracao.redenoticia.com.br\/noticia\/wp-json\/wp\/v2\/posts\/192643","targetHints":{"allow":["GET"]}}],"collection":[{"href":"https:\/\/migracao.redenoticia.com.br\/noticia\/wp-json\/wp\/v2\/posts"}],"about":[{"href":"https:\/\/migracao.redenoticia.com.br\/noticia\/wp-json\/wp\/v2\/types\/post"}],"author":[{"embeddable":true,"href":"https:\/\/migracao.redenoticia.com.br\/noticia\/wp-json\/wp\/v2\/users\/4"}],"replies":[{"embeddable":true,"href":"https:\/\/migracao.redenoticia.com.br\/noticia\/wp-json\/wp\/v2\/comments?post=192643"}],"version-history":[{"count":0,"href":"https:\/\/migracao.redenoticia.com.br\/noticia\/wp-json\/wp\/v2\/posts\/192643\/revisions"}],"wp:featuredmedia":[{"embeddable":true,"href":"https:\/\/migracao.redenoticia.com.br\/noticia\/wp-json\/wp\/v2\/media\/190254"}],"wp:attachment":[{"href":"https:\/\/migracao.redenoticia.com.br\/noticia\/wp-json\/wp\/v2\/media?parent=192643"}],"wp:term":[{"taxonomy":"category","embeddable":true,"href":"https:\/\/migracao.redenoticia.com.br\/noticia\/wp-json\/wp\/v2\/categories?post=192643"},{"taxonomy":"post_tag","embeddable":true,"href":"https:\/\/migracao.redenoticia.com.br\/noticia\/wp-json\/wp\/v2\/tags?post=192643"}],"curies":[{"name":"wp","href":"https:\/\/api.w.org\/{rel}","templated":true}]}}