{"id":192651,"date":"2020-05-13T12:47:06","date_gmt":"2020-05-13T15:47:06","guid":{"rendered":"https:\/\/www.redenoticia.com.br\/noticia\/?p=192651"},"modified":"2020-05-13T12:47:06","modified_gmt":"2020-05-13T15:47:06","slug":"resumo-novela-fina-estampa-14-05-teodora-vai-morar-com-pereirinha-e-enzo","status":"publish","type":"post","link":"https:\/\/migracao.redenoticia.com.br\/noticia\/2020\/resumo-novela-fina-estampa-14-05-teodora-vai-morar-com-pereirinha-e-enzo\/192651","title":{"rendered":"Resumo novela \u201cFina Estampa\u201d 14\/05: Teodora vai morar com Pereirinha e Enzo"},"content":{"rendered":"<p><img loading=\"lazy\" decoding=\"async\" class=\"aligncenter size-large wp-image-190230\" src=\"https:\/\/migracao.redenoticia.com.br\/noticia\/imagens\/fina-estampa-303x300.jpg\" alt=\"\" width=\"303\" height=\"300\" srcset=\"https:\/\/migracao.redenoticia.com.br\/noticia\/imagens\/fina-estampa-303x300.jpg 303w, https:\/\/migracao.redenoticia.com.br\/noticia\/imagens\/fina-estampa-189x187.jpg 189w, https:\/\/migracao.redenoticia.com.br\/noticia\/imagens\/fina-estampa-768x760.jpg 768w, https:\/\/migracao.redenoticia.com.br\/noticia\/imagens\/fina-estampa-150x150.jpg 150w, https:\/\/migracao.redenoticia.com.br\/noticia\/imagens\/fina-estampa-141x140.jpg 141w, https:\/\/migracao.redenoticia.com.br\/noticia\/imagens\/fina-estampa-86x85.jpg 86w, https:\/\/migracao.redenoticia.com.br\/noticia\/imagens\/fina-estampa-696x689.jpg 696w, https:\/\/migracao.redenoticia.com.br\/noticia\/imagens\/fina-estampa.jpg 800w\" sizes=\"auto, (max-width: 303px) 100vw, 303px\" \/><\/p>\n<p><em><strong>Resumo novela \u201cFina Estampa\u201d 14\/05<\/strong><\/em>: no cap\u00edtulo 046(*) da novela, quinta-feira, 14 de maio, Quinz\u00e9 dispensa Teodora. Teodora \u00e9 expulsa do hotel e vai para a antiga casa de Griselda. Um cliente faz uma proposta de trabalho para Wallace. Griselda continua a sele\u00e7\u00e3o da equipe de trabalhadoras para sua loja. Teodora tenta convencer Quinz\u00e9 a deix\u00e1-la ficar em sua antiga casa. Pedro Jorge reclama dos av\u00f3s para Danielle.<\/p>\n<p>Let\u00edcia diz a Juan Guilherme que ainda n\u00e3o descobriu quem tentou unir os dois. Griselda n\u00e3o gosta de saber que Teodora, Pereirinha e Enzo est\u00e3o morando juntos. Rafael promete pensar na proposta de Am\u00e1lia. Marcela enfrenta Esther.<\/p>\n<p>(*) edi\u00e7\u00e3o da Rede Globo, Novela \u201cFina Estampa\u201d, sujeito a altera\u00e7\u00e3o de data e conte\u00fado.<\/p>\n<p>Sinopse \u201cFina Estampa\u201d: A vi\u00fava Griselda, conhecida como Pereir\u00e3o, trabalha como faz-tudo para sustentar seus tr\u00eas filhos. J\u00e1 Tereza Cristina \u00e9 uma socialite que acredita ter a vida perfeita. Seus destinos se cruzam por acaso e tudo muda quando Griselda ganha 30 milh\u00f5es.<\/p>\n","protected":false},"excerpt":{"rendered":"<p>Resumo novela \u201cFina Estampa\u201d 14\/05: no cap\u00edtulo 046(*) da novela, quinta-feira, 14 de maio, Quinz\u00e9 dispensa Teodora. Teodora \u00e9 expulsa do hotel e vai para a antiga casa de Griselda. Um cliente faz uma proposta de trabalho para Wallace. Griselda continua a sele\u00e7\u00e3o da equipe de trabalhadoras para sua loja. Teodora tenta convencer Quinz\u00e9 a [&hellip;]<\/p>\n","protected":false},"author":4,"featured_media":190232,"comment_status":"closed","ping_status":"closed","sticky":false,"template":"","format":"standard","meta":{"tdm_status":"","tdm_grid_status":"","footnotes":""},"categories":[555,379,375,343],"tags":[441],"class_list":{"0":"post-192651","1":"post","2":"type-post","3":"status-publish","4":"format-standard","5":"has-post-thumbnail","7":"category-fina-estampa","8":"category-novelas","9":"category-rede-globo","10":"category-televisao","11":"tag-resumo-do-dia"},"_links":{"self":[{"href":"https:\/\/migracao.redenoticia.com.br\/noticia\/wp-json\/wp\/v2\/posts\/192651","targetHints":{"allow":["GET"]}}],"collection":[{"href":"https:\/\/migracao.redenoticia.com.br\/noticia\/wp-json\/wp\/v2\/posts"}],"about":[{"href":"https:\/\/migracao.redenoticia.com.br\/noticia\/wp-json\/wp\/v2\/types\/post"}],"author":[{"embeddable":true,"href":"https:\/\/migracao.redenoticia.com.br\/noticia\/wp-json\/wp\/v2\/users\/4"}],"replies":[{"embeddable":true,"href":"https:\/\/migracao.redenoticia.com.br\/noticia\/wp-json\/wp\/v2\/comments?post=192651"}],"version-history":[{"count":0,"href":"https:\/\/migracao.redenoticia.com.br\/noticia\/wp-json\/wp\/v2\/posts\/192651\/revisions"}],"wp:featuredmedia":[{"embeddable":true,"href":"https:\/\/migracao.redenoticia.com.br\/noticia\/wp-json\/wp\/v2\/media\/190232"}],"wp:attachment":[{"href":"https:\/\/migracao.redenoticia.com.br\/noticia\/wp-json\/wp\/v2\/media?parent=192651"}],"wp:term":[{"taxonomy":"category","embeddable":true,"href":"https:\/\/migracao.redenoticia.com.br\/noticia\/wp-json\/wp\/v2\/categories?post=192651"},{"taxonomy":"post_tag","embeddable":true,"href":"https:\/\/migracao.redenoticia.com.br\/noticia\/wp-json\/wp\/v2\/tags?post=192651"}],"curies":[{"name":"wp","href":"https:\/\/api.w.org\/{rel}","templated":true}]}}