{"id":1927,"date":"2009-05-23T23:22:03","date_gmt":"2009-05-24T03:22:03","guid":{"rendered":"http:\/\/www.redenoticia.com.br\/noticia\/?p=1927"},"modified":"2009-05-23T23:22:03","modified_gmt":"2009-05-24T03:22:03","slug":"social-rede-noticia-%e2%80%93-os-abracos-de-hoje-vao-para","status":"publish","type":"post","link":"https:\/\/migracao.redenoticia.com.br\/noticia\/2009\/social-rede-noticia-%e2%80%93-os-abracos-de-hoje-vao-para\/1927","title":{"rendered":"Social Rede Not\u00edcia \u2013 Os abra\u00e7os de hoje v\u00e3o para"},"content":{"rendered":"<p class=\"MsoNormal\" style=\"margin-bottom: 12pt;\"><span class=\"titulo11\"><span style=\"font-size: 9pt; font-family: Arial; font-weight: normal;\">&#8211; \u00e0 uma personalidade que est\u00e1 apaixonada, s\u00f3 n\u00e3o sabe se o par chama-se Fl\u00e1vio ou Gustavo;<\/span><\/span><\/p>\n<p class=\"MsoNormal\" style=\"margin-bottom: 12pt;\"><span class=\"titulo11\"><span style=\"font-size: 9pt; font-family: Arial; font-weight: normal;\">&#8211; ao Paulo, pela for\u00e7a de vontade que ir\u00e1 ajud\u00e1-lo a deixar de fumar. Estamos orgulhosos de voc\u00ea e sua for\u00e7a interna \u00e9 maior, pode acreditar. <\/span><\/span><\/p>\n<p class=\"MsoNormal\" style=\"margin-bottom: 12pt;\"><span class=\"titulo11\"><span style=\"font-size: 9pt; font-family: Arial; font-weight: normal;\">&#8211; aos professores de educa\u00e7\u00e3o f\u00edsica que est\u00e3o incentivando seus times e atletas. Parab\u00e9ns.<\/span><\/span><\/p>\n","protected":false},"excerpt":{"rendered":"<p>&#8211; \u00e0 uma personalidade que est\u00e1 apaixonada, s\u00f3 n\u00e3o sabe se o par chama-se Fl\u00e1vio ou Gustavo; &#8211; ao Paulo, pela for\u00e7a de vontade que ir\u00e1 ajud\u00e1-lo a deixar de fumar. Estamos orgulhosos de voc\u00ea e sua for\u00e7a interna \u00e9 maior, pode acreditar. &#8211; aos professores de educa\u00e7\u00e3o f\u00edsica que est\u00e3o incentivando seus times e [&hellip;]<\/p>\n","protected":false},"author":3,"featured_media":0,"comment_status":"open","ping_status":"open","sticky":false,"template":"","format":"standard","meta":{"tdm_status":"","tdm_grid_status":"","footnotes":""},"categories":[22],"tags":[],"class_list":{"0":"post-1927","1":"post","2":"type-post","3":"status-publish","4":"format-standard","6":"category-brasil"},"_links":{"self":[{"href":"https:\/\/migracao.redenoticia.com.br\/noticia\/wp-json\/wp\/v2\/posts\/1927","targetHints":{"allow":["GET"]}}],"collection":[{"href":"https:\/\/migracao.redenoticia.com.br\/noticia\/wp-json\/wp\/v2\/posts"}],"about":[{"href":"https:\/\/migracao.redenoticia.com.br\/noticia\/wp-json\/wp\/v2\/types\/post"}],"author":[{"embeddable":true,"href":"https:\/\/migracao.redenoticia.com.br\/noticia\/wp-json\/wp\/v2\/users\/3"}],"replies":[{"embeddable":true,"href":"https:\/\/migracao.redenoticia.com.br\/noticia\/wp-json\/wp\/v2\/comments?post=1927"}],"version-history":[{"count":0,"href":"https:\/\/migracao.redenoticia.com.br\/noticia\/wp-json\/wp\/v2\/posts\/1927\/revisions"}],"wp:attachment":[{"href":"https:\/\/migracao.redenoticia.com.br\/noticia\/wp-json\/wp\/v2\/media?parent=1927"}],"wp:term":[{"taxonomy":"category","embeddable":true,"href":"https:\/\/migracao.redenoticia.com.br\/noticia\/wp-json\/wp\/v2\/categories?post=1927"},{"taxonomy":"post_tag","embeddable":true,"href":"https:\/\/migracao.redenoticia.com.br\/noticia\/wp-json\/wp\/v2\/tags?post=1927"}],"curies":[{"name":"wp","href":"https:\/\/api.w.org\/{rel}","templated":true}]}}