{"id":1933,"date":"2009-05-23T23:44:11","date_gmt":"2009-05-24T03:44:11","guid":{"rendered":"http:\/\/www.redenoticia.com.br\/noticia\/?p=1933"},"modified":"2009-05-26T14:10:41","modified_gmt":"2009-05-26T18:10:41","slug":"jogo-de-volei-que-abriu-o-jem%e2%80%99s-de-ji-parana-pode-ser-acessado-no-redenoticia","status":"publish","type":"post","link":"https:\/\/migracao.redenoticia.com.br\/noticia\/2009\/jogo-de-volei-que-abriu-o-jem%e2%80%99s-de-ji-parana-pode-ser-acessado-no-redenoticia\/1933","title":{"rendered":"Jogo de v\u00f4lei que abriu o JEM\u2019s de Ji-Paran\u00e1 pode ser acessado no REDENOTICIA"},"content":{"rendered":"<p class=\"MsoNormal\" style=\"margin-bottom: 12pt;\"><span class=\"titulo11\"><span style=\"font-size: 9pt; font-family: Arial; font-weight: normal;\"><a href=\"https:\/\/migracao.redenoticia.com.br\/noticia\/imagens\/\/volei.jpg\"><img loading=\"lazy\" decoding=\"async\" class=\"alignleft size-medium wp-image-1962\" title=\"volei\" src=\"https:\/\/migracao.redenoticia.com.br\/noticia\/imagens\/\/volei-249x187.jpg\" alt=\"volei\" width=\"249\" height=\"187\" \/><\/a>Veja clip do jogo de v\u00f4lei entre as escolas Julio Guerra e Gon\u00e7alves Dias, na abertura do JEM\u2019s de Ji-Paran\u00e1.<br \/>\n<\/span><\/span><\/p>\n<p class=\"MsoNormal\" style=\"margin-bottom: 12pt;\"><span class=\"titulo11\"><span style=\"font-size: 9pt; font-family: Arial; font-weight: normal;\">O jogo foi o primeiro de uma s\u00e9rie que acontecer\u00e1 at\u00e9 o dia 31 de maio. Esta etapa \u00e9 classificat\u00f3ria para jogos regionais em Rond\u00f4nia.<\/span><\/span><\/p>\n<p class=\"MsoNormal\" style=\"margin-bottom: 12pt;\"><strong><span style=\"font-family: Arial; font-weight: normal;\">[wpyt_profile2]34aTiCE9iZQ[\/wpyt_profile2]<\/span><\/strong><\/p>\n","protected":false},"excerpt":{"rendered":"<p>Veja clip do jogo de v\u00f4lei entre as escolas Julio Guerra e Gon\u00e7alves Dias, na abertura do JEM\u2019s de Ji-Paran\u00e1. O jogo foi o primeiro de uma s\u00e9rie que acontecer\u00e1 at\u00e9 o dia 31 de maio. Esta etapa \u00e9 classificat\u00f3ria para jogos regionais em Rond\u00f4nia. [wpyt_profile2]34aTiCE9iZQ[\/wpyt_profile2]<\/p>\n","protected":false},"author":2,"featured_media":0,"comment_status":"open","ping_status":"open","sticky":false,"template":"","format":"standard","meta":{"tdm_status":"","tdm_grid_status":"","footnotes":""},"categories":[22],"tags":[],"class_list":{"0":"post-1933","1":"post","2":"type-post","3":"status-publish","4":"format-standard","6":"category-brasil"},"_links":{"self":[{"href":"https:\/\/migracao.redenoticia.com.br\/noticia\/wp-json\/wp\/v2\/posts\/1933","targetHints":{"allow":["GET"]}}],"collection":[{"href":"https:\/\/migracao.redenoticia.com.br\/noticia\/wp-json\/wp\/v2\/posts"}],"about":[{"href":"https:\/\/migracao.redenoticia.com.br\/noticia\/wp-json\/wp\/v2\/types\/post"}],"author":[{"embeddable":true,"href":"https:\/\/migracao.redenoticia.com.br\/noticia\/wp-json\/wp\/v2\/users\/2"}],"replies":[{"embeddable":true,"href":"https:\/\/migracao.redenoticia.com.br\/noticia\/wp-json\/wp\/v2\/comments?post=1933"}],"version-history":[{"count":0,"href":"https:\/\/migracao.redenoticia.com.br\/noticia\/wp-json\/wp\/v2\/posts\/1933\/revisions"}],"wp:attachment":[{"href":"https:\/\/migracao.redenoticia.com.br\/noticia\/wp-json\/wp\/v2\/media?parent=1933"}],"wp:term":[{"taxonomy":"category","embeddable":true,"href":"https:\/\/migracao.redenoticia.com.br\/noticia\/wp-json\/wp\/v2\/categories?post=1933"},{"taxonomy":"post_tag","embeddable":true,"href":"https:\/\/migracao.redenoticia.com.br\/noticia\/wp-json\/wp\/v2\/tags?post=1933"}],"curies":[{"name":"wp","href":"https:\/\/api.w.org\/{rel}","templated":true}]}}