{"id":1934,"date":"2009-05-23T23:45:43","date_gmt":"2009-05-24T03:45:43","guid":{"rendered":"http:\/\/www.redenoticia.com.br\/noticia\/?p=1934"},"modified":"2009-05-23T23:45:43","modified_gmt":"2009-05-24T03:45:43","slug":"rondonia-vacinou-80-mil-idosos-e-segue-com-campanha","status":"publish","type":"post","link":"https:\/\/migracao.redenoticia.com.br\/noticia\/2009\/rondonia-vacinou-80-mil-idosos-e-segue-com-campanha\/1934","title":{"rendered":"Rond\u00f4nia vacinou 80 mil idosos e segue com campanha"},"content":{"rendered":"<p><span style=\"font-size: 9pt; font-family: Arial;\">Rond\u00f4nia atingiu a meta de imunizar 80% da popula\u00e7\u00e3o acima de 60 anos contra a gripe. <\/span><\/p>\n<p class=\"MsoNormal\" style=\"line-height: 10.5pt;\"><span style=\"font-size: 9pt; font-family: Arial;\"> A campanha de vacina\u00e7\u00e3o do idoso vacinou aproximadamente 80.000 pessoas. Apesar de superar a meta de atendimento a campanha contra a gripe ainda segue at\u00e9 o pr\u00f3ximo dia 29 de maio. <\/span><\/p>\n<p class=\"MsoNormal\"><span style=\"font-size: 9pt; font-family: Arial;\"><!--[if gte vml 1]><v:shapetype  id=\"_x0000_t75\" coordsize=\"21600,21600\" o:spt=\"75\" o:preferrelative=\"t\"  path=\"m@4@5l@4@11@9@11@9@5xe\" filled=\"f\" stroked=\"f\"> <v:stroke joinstyle=\"miter\" \/> <v:formulas> <v:f eqn=\"if lineDrawn pixelLineWidth 0\" \/> <v:f eqn=\"sum @0 1 0\" \/> <v:f eqn=\"sum 0 0 @1\" \/> <v:f eqn=\"prod @2 1 2\" \/> <v:f eqn=\"prod @3 21600 pixelWidth\" \/> <v:f eqn=\"prod @3 21600 pixelHeight\" \/> <v:f eqn=\"sum @0 0 1\" \/> <v:f eqn=\"prod @6 1 2\" \/> <v:f eqn=\"prod @7 21600 pixelWidth\" \/> <v:f eqn=\"sum @8 21600 0\" \/> <v:f eqn=\"prod @7 21600 pixelHeight\" \/> <v:f eqn=\"sum @10 21600 0\" \/> <\/v:formulas> <v:path o:extrusionok=\"f\" gradientshapeok=\"t\" o:connecttype=\"rect\" \/> <o:lock v:ext=\"edit\" aspectratio=\"t\" \/> <\/v:shapetype><v:shape id=\"_x0000_i1025\" type=\"#_x0000_t75\" alt=\"\" style='width:3.75pt;  height:3.75pt'> <v:imagedata src=\"file:\/\/\/C:\\DOCUME~1\\Nova\\CONFIG~1\\Temp\\msohtml1\\01\\clip_image001.png\"   o:href=\"http:\/\/www.rondonia.ro.gov.br\/imagens-site\/spacer.gif\" \/> <\/v:shape><![endif]--><!--[if !vml]--><img loading=\"lazy\" decoding=\"async\" src=\"file:\/\/\/C:\/DOCUME~1\/Nova\/CONFIG~1\/Temp\/msohtml1\/01\/clip_image002.gif\" alt=\"\" width=\"5\" height=\"5\" \/><!--[endif]--><\/span><\/p>\n<p class=\"MsoNormal\" style=\"line-height: 10.5pt;\"><span style=\"font-size: 9pt; font-family: Arial;\">Milton Moreira, secret\u00e1rio de Estado da Sa\u00fade, observa \u201cSegundo dados do Minist\u00e9rio da Sa\u00fade existem atualmente, em Rond\u00f4nia, 98.189 pessoas acima de 60 anos \u00e9 precis\u00e1vamos vacinar 80% dessa popula\u00e7\u00e3o. E o Estado atingiu a meta. Imunizamos em Rond\u00f4nia 78.818 pessoas, referente a 80,32% de cobertura vacinal ideal\u201d.<\/span><\/p>\n<p class=\"MsoNormal\" style=\"line-height: 10.5pt;\"><span style=\"font-size: 9pt; font-family: Arial;\">No inicio da campanha em 1999 foram imunizadas 30.000 pessoas. Em 10 anos o n\u00famero de imunizados aumentou praticamente 03 vezes. <\/span><\/p>\n<p class=\"MsoNormal\"><span style=\"font-size: 9pt; font-family: Arial;\"> <\/span><\/p>\n<p class=\"MsoNormal\"><span style=\"font-size: 9pt; font-family: Arial;\">Fonte: <\/span><span style=\"font-size: 9pt; font-family: Arial;\">A\/I SESAU &#8211; Secretaria de Estado da Sa\u00fade<\/span><\/p>\n","protected":false},"excerpt":{"rendered":"<p>Rond\u00f4nia atingiu a meta de imunizar 80% da popula\u00e7\u00e3o acima de 60 anos contra a gripe. A campanha de vacina\u00e7\u00e3o do idoso vacinou aproximadamente 80.000 pessoas. Apesar de superar a meta de atendimento a campanha contra a gripe ainda segue at\u00e9 o pr\u00f3ximo dia 29 de maio. Milton Moreira, secret\u00e1rio de Estado da Sa\u00fade, observa [&hellip;]<\/p>\n","protected":false},"author":3,"featured_media":0,"comment_status":"open","ping_status":"open","sticky":false,"template":"","format":"standard","meta":{"tdm_status":"","tdm_grid_status":"","footnotes":""},"categories":[22],"tags":[],"class_list":{"0":"post-1934","1":"post","2":"type-post","3":"status-publish","4":"format-standard","6":"category-brasil"},"_links":{"self":[{"href":"https:\/\/migracao.redenoticia.com.br\/noticia\/wp-json\/wp\/v2\/posts\/1934","targetHints":{"allow":["GET"]}}],"collection":[{"href":"https:\/\/migracao.redenoticia.com.br\/noticia\/wp-json\/wp\/v2\/posts"}],"about":[{"href":"https:\/\/migracao.redenoticia.com.br\/noticia\/wp-json\/wp\/v2\/types\/post"}],"author":[{"embeddable":true,"href":"https:\/\/migracao.redenoticia.com.br\/noticia\/wp-json\/wp\/v2\/users\/3"}],"replies":[{"embeddable":true,"href":"https:\/\/migracao.redenoticia.com.br\/noticia\/wp-json\/wp\/v2\/comments?post=1934"}],"version-history":[{"count":0,"href":"https:\/\/migracao.redenoticia.com.br\/noticia\/wp-json\/wp\/v2\/posts\/1934\/revisions"}],"wp:attachment":[{"href":"https:\/\/migracao.redenoticia.com.br\/noticia\/wp-json\/wp\/v2\/media?parent=1934"}],"wp:term":[{"taxonomy":"category","embeddable":true,"href":"https:\/\/migracao.redenoticia.com.br\/noticia\/wp-json\/wp\/v2\/categories?post=1934"},{"taxonomy":"post_tag","embeddable":true,"href":"https:\/\/migracao.redenoticia.com.br\/noticia\/wp-json\/wp\/v2\/tags?post=1934"}],"curies":[{"name":"wp","href":"https:\/\/api.w.org\/{rel}","templated":true}]}}