{"id":193523,"date":"2020-05-30T15:11:15","date_gmt":"2020-05-30T18:11:15","guid":{"rendered":"https:\/\/www.redenoticia.com.br\/noticia\/?p=193523"},"modified":"2020-05-30T15:11:15","modified_gmt":"2020-05-30T18:11:15","slug":"resumo-novela-betty-a-feia-em-nova-york-01-06-demetrio-e-julia-chegam-a-miami","status":"publish","type":"post","link":"https:\/\/migracao.redenoticia.com.br\/noticia\/2020\/resumo-novela-betty-a-feia-em-nova-york-01-06-demetrio-e-julia-chegam-a-miami\/193523","title":{"rendered":"Resumo novela \u201cBetty, a Feia em Nova York\u201d 01\/06: Dem\u00e9trio e J\u00falia chegam a Miami"},"content":{"rendered":"<p><img loading=\"lazy\" decoding=\"async\" class=\"aligncenter size-large wp-image-187571\" src=\"https:\/\/migracao.redenoticia.com.br\/noticia\/imagens\/betty-ny-sbt-400x225.jpg\" alt=\"\" width=\"400\" height=\"225\" srcset=\"https:\/\/migracao.redenoticia.com.br\/noticia\/imagens\/betty-ny-sbt-400x225.jpg 400w, https:\/\/migracao.redenoticia.com.br\/noticia\/imagens\/betty-ny-sbt-250x140.jpg 250w, https:\/\/migracao.redenoticia.com.br\/noticia\/imagens\/betty-ny-sbt-768x432.jpg 768w, https:\/\/migracao.redenoticia.com.br\/noticia\/imagens\/betty-ny-sbt-150x85.jpg 150w, https:\/\/migracao.redenoticia.com.br\/noticia\/imagens\/betty-ny-sbt-696x392.jpg 696w, https:\/\/migracao.redenoticia.com.br\/noticia\/imagens\/betty-ny-sbt.jpg 1280w\" sizes=\"auto, (max-width: 400px) 100vw, 400px\" \/><\/p>\n<p><em><strong>Resumo novela \u201cBetty, a Feia em Nova York\u201d 01\/06<\/strong><\/em>: no cap\u00edtulo 092(*) da novela, segunda-feira, 01 de junho, Daniel e Marcela ficam surpresos ao saber que N\u00edcolas \u00e9 o novo executivo da V&amp;M. Os s\u00f3cios acusam Betty pela fal\u00eancia e exigem que ela use seu pr\u00f3prio dinheiro para salvar a empresa. Armando a defende e mostra o documento que a isenta de qualquer culpa. Roberto descobre que o filho hipotecou a casa dos Hampton, se enfurece, o chama de inconsequente e diz que ele destruiu trinta anos de seu trabalho. Depois de ter seus desenhos roubados, Hugo perde a criatividade e se deprime. Mas tudo volta a ter sentido em sua vida quando Romina diz que vai dar seu filho para que ele e F\u00e1bio o adotem.<\/p>\n<p>Romina pede ainda que Inesita seja a madrinha do beb\u00ea. Roberto pede a Patr\u00edcia que assessore N\u00edcolas. Marcela percebe que sua melhor amiga foi para cama com o amigo de Betty. Em Miami, Betty fica nervosa ao ver Naomi, a modelo que teve um caso com Armando. Dem\u00e9trio e J\u00falia chegam a Miami para surpreender Betty e conhecem Joaquim. O estilista convida a todos, inclusive Catalina, para jantar em um restaurante cubano.<\/p>\n<p>(*) edi\u00e7\u00e3o da Rede Globo, Novela \u201cBetty, a Feia em Nova York\u201d, sujeito a altera\u00e7\u00e3o de data e conte\u00fado.<\/p>\n<p>Sinopse \u201cBetty, a Feia em Nova York\u201d: A historia gira entorno a Betty (Elyfer Torres), uma jovem mexicana inteligente e capaz que vive em Nova York na busca pelos sonhos superando os preju\u00edzos onde a imagem \u00e9 tudo. Depois de seis meses rejeitada e demitida de todos os trabalhos em raz\u00e3o da falta de atrativo f\u00edsico, Betty decide aceitar um trabalho muito abaixo de suas capacidades.Depois de ingressar na empresa V&amp;M Fashion, vira secret\u00e1ria pessoal do presidente da companhia.<\/p>\n<p>Apesar de ser ridicularizada e humilhada pela falta de estilo Betty est\u00e1 mais que disposta a n\u00e3o ser derrotada nesta implac\u00e1vel guerra de apar\u00eancias.Se no lado pessoal Betty \u00e9 exatamente competente e tem grandes planos para o crescimento pessoal, as suas poucas qualidades poder\u00e1 ajudar Betty a encontrar o verdadeiro amor.<\/p>\n","protected":false},"excerpt":{"rendered":"<p>Resumo novela \u201cBetty, a Feia em Nova York\u201d 01\/06: no cap\u00edtulo 092(*) da novela, segunda-feira, 01 de junho, Daniel e Marcela ficam surpresos ao saber que N\u00edcolas \u00e9 o novo executivo da V&amp;M. Os s\u00f3cios acusam Betty pela fal\u00eancia e exigem que ela use seu pr\u00f3prio dinheiro para salvar a empresa. Armando a defende e [&hellip;]<\/p>\n","protected":false},"author":3,"featured_media":187572,"comment_status":"closed","ping_status":"closed","sticky":false,"template":"","format":"standard","meta":{"tdm_status":"","tdm_grid_status":"","footnotes":""},"categories":[379,372,343],"tags":[441],"class_list":{"0":"post-193523","1":"post","2":"type-post","3":"status-publish","4":"format-standard","5":"has-post-thumbnail","7":"category-novelas","8":"category-sbt","9":"category-televisao","10":"tag-resumo-do-dia"},"_links":{"self":[{"href":"https:\/\/migracao.redenoticia.com.br\/noticia\/wp-json\/wp\/v2\/posts\/193523","targetHints":{"allow":["GET"]}}],"collection":[{"href":"https:\/\/migracao.redenoticia.com.br\/noticia\/wp-json\/wp\/v2\/posts"}],"about":[{"href":"https:\/\/migracao.redenoticia.com.br\/noticia\/wp-json\/wp\/v2\/types\/post"}],"author":[{"embeddable":true,"href":"https:\/\/migracao.redenoticia.com.br\/noticia\/wp-json\/wp\/v2\/users\/3"}],"replies":[{"embeddable":true,"href":"https:\/\/migracao.redenoticia.com.br\/noticia\/wp-json\/wp\/v2\/comments?post=193523"}],"version-history":[{"count":0,"href":"https:\/\/migracao.redenoticia.com.br\/noticia\/wp-json\/wp\/v2\/posts\/193523\/revisions"}],"wp:featuredmedia":[{"embeddable":true,"href":"https:\/\/migracao.redenoticia.com.br\/noticia\/wp-json\/wp\/v2\/media\/187572"}],"wp:attachment":[{"href":"https:\/\/migracao.redenoticia.com.br\/noticia\/wp-json\/wp\/v2\/media?parent=193523"}],"wp:term":[{"taxonomy":"category","embeddable":true,"href":"https:\/\/migracao.redenoticia.com.br\/noticia\/wp-json\/wp\/v2\/categories?post=193523"},{"taxonomy":"post_tag","embeddable":true,"href":"https:\/\/migracao.redenoticia.com.br\/noticia\/wp-json\/wp\/v2\/tags?post=193523"}],"curies":[{"name":"wp","href":"https:\/\/api.w.org\/{rel}","templated":true}]}}