{"id":193526,"date":"2020-05-30T15:11:57","date_gmt":"2020-05-30T18:11:57","guid":{"rendered":"https:\/\/www.redenoticia.com.br\/noticia\/?p=193526"},"modified":"2020-05-30T15:11:57","modified_gmt":"2020-05-30T18:11:57","slug":"resumo-novela-o-que-a-vida-me-roubou-01-06-montserrat-descobre-que-esta-gravida","status":"publish","type":"post","link":"https:\/\/migracao.redenoticia.com.br\/noticia\/2020\/resumo-novela-o-que-a-vida-me-roubou-01-06-montserrat-descobre-que-esta-gravida\/193526","title":{"rendered":"Resumo novela \u201cO Que A Vida Me Roubou\u201d 01\/06: Montserrat descobre que est\u00e1 gr\u00e1vida"},"content":{"rendered":"<p> <img loading=\"lazy\" decoding=\"async\" class=\"aligncenter size-large wp-image-191122\" src=\"https:\/\/migracao.redenoticia.com.br\/noticia\/imagens\/o-que-a-vida-me-roubou-elenco-361x300.jpg\" alt=\"\" width=\"361\" height=\"300\" srcset=\"https:\/\/migracao.redenoticia.com.br\/noticia\/imagens\/o-que-a-vida-me-roubou-elenco-361x300.jpg 361w, https:\/\/migracao.redenoticia.com.br\/noticia\/imagens\/o-que-a-vida-me-roubou-elenco-225x187.jpg 225w, https:\/\/migracao.redenoticia.com.br\/noticia\/imagens\/o-que-a-vida-me-roubou-elenco-168x140.jpg 168w, https:\/\/migracao.redenoticia.com.br\/noticia\/imagens\/o-que-a-vida-me-roubou-elenco-102x85.jpg 102w, https:\/\/migracao.redenoticia.com.br\/noticia\/imagens\/o-que-a-vida-me-roubou-elenco.jpg 693w\" sizes=\"auto, (max-width: 361px) 100vw, 361px\" \/><\/p>\n<p><strong><em>Resumo da novela \u201cO Que A Vida Me Roubou\u201d<\/em><\/strong> em 01\/06: no cap\u00edtulo 031(*) da novela, segunda-feira, 01 de junho, na fazenda \u201cArechiga\u201d, Joaquim alarmado sai para procurar sua filha Ang\u00e9lica. Am\u00e9lia n\u00e3o sabe que fazer e chora desconsolada. Virginia fica nervosa, mas guarda o segredo de sua irm\u00e3. Na fazenda \u201cAlmonte\u201d, N\u00e1dia est\u00e1 desesperada aguardando Victor. Josefina se entristece porque Dem\u00e9trio prefere trabalhar a se casar com ela. Pedro chega sem avisar na fazenda Almonte e N\u00e1dia exige que ele se retire. Padre Anselmo comenta com Ros\u00e1rio o qu\u00e3o felizes est\u00e3o seus patr\u00f5es. Montserrat comenta com o padre que Antonio (Jos\u00e9 Luis) fugiu da fazenda com a ajuda de Alessandro, j\u00e1 que o acusam de haver matado o chefe de pol\u00edcia e o fez para salvar Alessandro. <\/p>\n<p>Victor chega \u00e0 fazenda Almonte e diz a Pedro que N\u00e1dia o ama e seu casamento \u00e9 uma farsa, j\u00e1 que ela s\u00f3 pensa nele. Ezequiel e a pol\u00edcia de \u00c1gua Azul procuram o corpo de Antonio. Montserrat e N\u00e1dia comentam sobre seus casamentos. N\u00e1dia confidencia a Montserrat que desconfia que Pedro n\u00e3o gosta de mulheres e por essa raz\u00e3o pensa que ele mantenha uma rela\u00e7\u00e3o com Victor. Ezequiel e a pol\u00edcia de \u00c1gua Azul procuram pelos caminhos da fazenda o corpo de Antonio.<\/p>\n<p>Montserrat faz um teste de gravidez e o resultado \u00e9 positivo. Alessandro chega do trabalho e ela conta que est\u00e1 gr\u00e1vida, eles se beijam felizes. Pedro e Alessandro discutem quando chega Joaquim, perguntando por sua filha Ang\u00e9lica e comentando que seu capataz est\u00e1 na cadeia porque o pegaram em sua fazenda. Montserrat, surpresa, pede a Alessandro que o ajude. Na fazenda \u201cArechiga\u201d, Am\u00e9lia chora desconsolada com Virginia e Joaquim espera que a pol\u00edcia encontre alguma pista do paradeiro de sua filha. Em \u00c1gua Azul, Jos\u00e9 Luis chega com Ang\u00e9lica na casa da madrinha dela. Eles descem do barco e Ang\u00e9lica desmaia. Jos\u00e9 Luis n\u00e3o sabe o que fazer. Jos\u00e9 Luis, preocupado leva Ang\u00e9lica a um hospital. Ang\u00e9lica o faz jurar que n\u00e3o a deixar\u00e1 s\u00f3 e pede que localize sua madrinha. Prud\u00eancia chega ao hospital e o m\u00e9dico informa que Ang\u00e9lica est\u00e1 com c\u00e2ncer em est\u00e1gio muito avan\u00e7ado e lhe restam poucos meses de vida. Prud\u00eancia, triste, leva sua afilhada para casa e promete apoi\u00e1-la. Jos\u00e9 Luis est\u00e1 o tempo todo com Ang\u00e9lica. Prud\u00eancia prop\u00f5e que se case com sua afilhada e assim apague todo mal que fez no passado.<\/p>\n<p>Esmeralda discute com Renato. Joaquim exige que Ezequiel lhe d\u00ea permiss\u00e3o para ver Jos\u00e9 Luis. Ezequiel afirma que Jos\u00e9 Luis est\u00e1 morto. Na fazenda \u201cArechiga\u201d, Virginia, chorando, confessa ao Padre Anselmo que sua irm\u00e3 fugiu com o capataz da fazenda \u201cAlmonte\u201d. Na fazenda \u201cAlmonte\u201d, Dem\u00e9trio aconselha sua irm\u00e3 e N\u00e1dia que evitem que Pedro fale com Alessandro, j\u00e1 que este poderia dizer tudo sobre Jos\u00e9 Luis. Pedro est\u00e1 a ponto de dizer a Alessandro que seu capataz n\u00e3o \u00e9 quem ele pensa, quando ent\u00e3o chega N\u00e1dia e os interrompe. Joaquim e Padre Anselmo perguntam a Montserrat se sabe de algo de Jos\u00e9 Luis, j\u00e1 que ele fugiu com Ang\u00e9lica. Ela se alegra e deixa de chorar. Carlota e N\u00e1dia pedem a Montserrat que contenha suas emo\u00e7\u00f5es, pois Alessandro poderia suspeitar de algo. Padre Anselmo aconselha Alessandro a n\u00e3o confiar tanto em seu capataz.<\/p>\n<p>Prud\u00eancia telefona para seu irm\u00e3o, o capit\u00e3o Robledo, para convid\u00e1-lo para um casamento em sua resid\u00eancia. Em \u00c1gua Azul, Jos\u00e9 Luis telefona para Esmeralda e se alegra em saber que ela est\u00e1 bem, e a convida para seu casamento. Joaquim visita o capit\u00e3o Robledo para pedir ajuda e encontrar sua filha Ang\u00e9lica, pede tamb\u00e9m que sua irm\u00e3, Prud\u00eancia, n\u00e3o se intere desse pedido. Joaquim descobre que Antonio e Jos\u00e9 Luis s\u00e3o a mesma pessoa.<\/p>\n<p>(*) edi\u00e7\u00e3o do SBT, Novela \u201cO Que A Vida Me Roubou\u201d, sujeito a altera\u00e7\u00e3o de data e conte\u00fado.<\/p>\n<p>Novela \u201cO Que A Vida Me Roubou\u201d: A hist\u00f3ria se passa em \u00c1gua Azul, onde Montserrat vive. Montserrat \u00e9 uma bela jovem socialite que sempre foi dominada por sua m\u00e3e Graziela, cuja \u00fanica preocupa\u00e7\u00e3o \u00e9 o seu elevado estatuto na sociedade, mesmo que a fam\u00edlia esteja financeiramente arruinada. Montserrat, apesar de fazer tudo o que sua m\u00e3e diz-lhe, secretamente mant\u00e9m um relacionamento com Jos\u00e9 Luis da marinha, com quem planeja se casar.<\/p>\n","protected":false},"excerpt":{"rendered":"<p>Resumo da novela \u201cO Que A Vida Me Roubou\u201d em 01\/06: no cap\u00edtulo 031(*) da novela, segunda-feira, 01 de junho, na fazenda \u201cArechiga\u201d, Joaquim alarmado sai para procurar sua filha Ang\u00e9lica. Am\u00e9lia n\u00e3o sabe que fazer e chora desconsolada. Virginia fica nervosa, mas guarda o segredo de sua irm\u00e3. Na fazenda \u201cAlmonte\u201d, N\u00e1dia est\u00e1 desesperada [&hellip;]<\/p>\n","protected":false},"author":3,"featured_media":191123,"comment_status":"closed","ping_status":"closed","sticky":false,"template":"","format":"standard","meta":{"tdm_status":"","tdm_grid_status":"","footnotes":""},"categories":[379,372,343],"tags":[441],"class_list":{"0":"post-193526","1":"post","2":"type-post","3":"status-publish","4":"format-standard","5":"has-post-thumbnail","7":"category-novelas","8":"category-sbt","9":"category-televisao","10":"tag-resumo-do-dia"},"_links":{"self":[{"href":"https:\/\/migracao.redenoticia.com.br\/noticia\/wp-json\/wp\/v2\/posts\/193526","targetHints":{"allow":["GET"]}}],"collection":[{"href":"https:\/\/migracao.redenoticia.com.br\/noticia\/wp-json\/wp\/v2\/posts"}],"about":[{"href":"https:\/\/migracao.redenoticia.com.br\/noticia\/wp-json\/wp\/v2\/types\/post"}],"author":[{"embeddable":true,"href":"https:\/\/migracao.redenoticia.com.br\/noticia\/wp-json\/wp\/v2\/users\/3"}],"replies":[{"embeddable":true,"href":"https:\/\/migracao.redenoticia.com.br\/noticia\/wp-json\/wp\/v2\/comments?post=193526"}],"version-history":[{"count":0,"href":"https:\/\/migracao.redenoticia.com.br\/noticia\/wp-json\/wp\/v2\/posts\/193526\/revisions"}],"wp:featuredmedia":[{"embeddable":true,"href":"https:\/\/migracao.redenoticia.com.br\/noticia\/wp-json\/wp\/v2\/media\/191123"}],"wp:attachment":[{"href":"https:\/\/migracao.redenoticia.com.br\/noticia\/wp-json\/wp\/v2\/media?parent=193526"}],"wp:term":[{"taxonomy":"category","embeddable":true,"href":"https:\/\/migracao.redenoticia.com.br\/noticia\/wp-json\/wp\/v2\/categories?post=193526"},{"taxonomy":"post_tag","embeddable":true,"href":"https:\/\/migracao.redenoticia.com.br\/noticia\/wp-json\/wp\/v2\/tags?post=193526"}],"curies":[{"name":"wp","href":"https:\/\/api.w.org\/{rel}","templated":true}]}}