{"id":193531,"date":"2020-05-30T15:12:36","date_gmt":"2020-05-30T18:12:36","guid":{"rendered":"https:\/\/www.redenoticia.com.br\/noticia\/?p=193531"},"modified":"2020-05-30T15:12:36","modified_gmt":"2020-05-30T18:12:36","slug":"resumo-novela-cumplices-de-um-resgate-01-06-flora-faz-entrevista-na-on-enterprise","status":"publish","type":"post","link":"https:\/\/migracao.redenoticia.com.br\/noticia\/2020\/resumo-novela-cumplices-de-um-resgate-01-06-flora-faz-entrevista-na-on-enterprise\/193531","title":{"rendered":"Resumo novela \u201cC\u00famplices de um Resgate\u201d 01\/06: Flora faz entrevista na On-Enterprise"},"content":{"rendered":"<p><img loading=\"lazy\" decoding=\"async\" class=\"aligncenter size-large wp-image-164526\" src=\"https:\/\/migracao.redenoticia.com.br\/noticia\/imagens\/cumplices-de-um-resgate-001-316x300.jpg\" alt=\"\" width=\"316\" height=\"300\" srcset=\"https:\/\/migracao.redenoticia.com.br\/noticia\/imagens\/cumplices-de-um-resgate-001-316x300.jpg 316w, https:\/\/migracao.redenoticia.com.br\/noticia\/imagens\/cumplices-de-um-resgate-001-197x187.jpg 197w, https:\/\/migracao.redenoticia.com.br\/noticia\/imagens\/cumplices-de-um-resgate-001-150x143.jpg 150w, https:\/\/migracao.redenoticia.com.br\/noticia\/imagens\/cumplices-de-um-resgate-001.jpg 526w\" sizes=\"auto, (max-width: 316px) 100vw, 316px\" \/><\/p>\n<p><strong><em>Resumo novela \u201cC\u00famplices de um Resgate\u201d 01\/06<\/em><\/strong>: no cap\u00edtulo 367(*) da novela, segunda-feira, 01 de junho, Nina conta para Manuela sobre quando chegou no Vilarejo dos Sonhos e como come\u00e7ou a confus\u00e3o com dona Fiorina. Enquanto isso, Fiorina conta para T\u00e9o como come\u00e7ou o seu desentendimento com Nina, por conta de Giuseppe. Por fim, Giuseppe conta para Mateus e D\u00f3ris como Fiorina e Nina come\u00e7aram a brigar por conta dele. Frederico acha que foi Tomas que causou o acidente de Ot\u00e1vio, mas v\u00ea que estava errado.<\/p>\n<p>Flora vai para a entrevista de emprego na On-Enterprise para a vaga de copeira ou faxineira. O pastor vai at\u00e9 o hospital orar por Ot\u00e1vio. O advogado contratado por Geraldo para prejudicar Vicente joga fora as provas que poderiam ajudar o pai de Andr\u00e9.<\/p>\n<p>(*) edi\u00e7\u00e3o do SBT, Novela \u201cC\u00famplices de um Resgate\u201d, sujeito a altera\u00e7\u00e3o de data e conte\u00fado.<\/p>\n<p>\u201cC\u00famplices de um Resgate\u201d &#8211; Duas irm\u00e3s g\u00eameas univitelinas que foram separadas ap\u00f3s nascimento, se reencontram somente ap\u00f3s doze anos. Manuela, uma das g\u00eameas, \u00e9 doce, meiga, gentil, e muito talentosa para a m\u00fasica e tem uma voz encantadora. Vive uma vida feliz no Vilarejo dos Sonhos, onde mora com sua av\u00f3 Nina, sua tia Helena e sua m\u00e3e Rebeca, que d\u00e1 muito amor e carinho a filha por ela nunca ter tido um pai, e ela \u00e9 a m\u00e3e biol\u00f3gica das duas garotas, mas nunca soube que teve g\u00eameas.<\/p>\n","protected":false},"excerpt":{"rendered":"<p>Resumo novela \u201cC\u00famplices de um Resgate\u201d 01\/06: no cap\u00edtulo 367(*) da novela, segunda-feira, 01 de junho, Nina conta para Manuela sobre quando chegou no Vilarejo dos Sonhos e como come\u00e7ou a confus\u00e3o com dona Fiorina. Enquanto isso, Fiorina conta para T\u00e9o como come\u00e7ou o seu desentendimento com Nina, por conta de Giuseppe. Por fim, Giuseppe [&hellip;]<\/p>\n","protected":false},"author":3,"featured_media":164525,"comment_status":"closed","ping_status":"closed","sticky":false,"template":"","format":"standard","meta":{"tdm_status":"","tdm_grid_status":"","footnotes":""},"categories":[379,372,343],"tags":[441],"class_list":{"0":"post-193531","1":"post","2":"type-post","3":"status-publish","4":"format-standard","5":"has-post-thumbnail","7":"category-novelas","8":"category-sbt","9":"category-televisao","10":"tag-resumo-do-dia"},"_links":{"self":[{"href":"https:\/\/migracao.redenoticia.com.br\/noticia\/wp-json\/wp\/v2\/posts\/193531","targetHints":{"allow":["GET"]}}],"collection":[{"href":"https:\/\/migracao.redenoticia.com.br\/noticia\/wp-json\/wp\/v2\/posts"}],"about":[{"href":"https:\/\/migracao.redenoticia.com.br\/noticia\/wp-json\/wp\/v2\/types\/post"}],"author":[{"embeddable":true,"href":"https:\/\/migracao.redenoticia.com.br\/noticia\/wp-json\/wp\/v2\/users\/3"}],"replies":[{"embeddable":true,"href":"https:\/\/migracao.redenoticia.com.br\/noticia\/wp-json\/wp\/v2\/comments?post=193531"}],"version-history":[{"count":0,"href":"https:\/\/migracao.redenoticia.com.br\/noticia\/wp-json\/wp\/v2\/posts\/193531\/revisions"}],"wp:featuredmedia":[{"embeddable":true,"href":"https:\/\/migracao.redenoticia.com.br\/noticia\/wp-json\/wp\/v2\/media\/164525"}],"wp:attachment":[{"href":"https:\/\/migracao.redenoticia.com.br\/noticia\/wp-json\/wp\/v2\/media?parent=193531"}],"wp:term":[{"taxonomy":"category","embeddable":true,"href":"https:\/\/migracao.redenoticia.com.br\/noticia\/wp-json\/wp\/v2\/categories?post=193531"},{"taxonomy":"post_tag","embeddable":true,"href":"https:\/\/migracao.redenoticia.com.br\/noticia\/wp-json\/wp\/v2\/tags?post=193531"}],"curies":[{"name":"wp","href":"https:\/\/api.w.org\/{rel}","templated":true}]}}