{"id":193534,"date":"2020-05-30T15:30:32","date_gmt":"2020-05-30T18:30:32","guid":{"rendered":"https:\/\/www.redenoticia.com.br\/noticia\/?p=193534"},"modified":"2020-05-30T15:30:32","modified_gmt":"2020-05-30T18:30:32","slug":"resumo-novela-eta-mundo-bom-01-06-cara-de-cao-rouba-o-medalhao-de-candinho","status":"publish","type":"post","link":"https:\/\/migracao.redenoticia.com.br\/noticia\/2020\/resumo-novela-eta-mundo-bom-01-06-cara-de-cao-rouba-o-medalhao-de-candinho\/193534","title":{"rendered":"Resumo novela \u201cEta Mundo Bom\u201d 01\/06: Cara de C\u00e3o rouba o medalh\u00e3o de Candinho"},"content":{"rendered":"<p> <img loading=\"lazy\" decoding=\"async\" class=\"aligncenter size-large wp-image-191974\" src=\"https:\/\/migracao.redenoticia.com.br\/noticia\/imagens\/eta-mundo-bom-personagens-299x300.jpg\" alt=\"\" width=\"299\" height=\"300\" srcset=\"https:\/\/migracao.redenoticia.com.br\/noticia\/imagens\/eta-mundo-bom-personagens-299x300.jpg 299w, https:\/\/migracao.redenoticia.com.br\/noticia\/imagens\/eta-mundo-bom-personagens-186x187.jpg 186w, https:\/\/migracao.redenoticia.com.br\/noticia\/imagens\/eta-mundo-bom-personagens-150x150.jpg 150w, https:\/\/migracao.redenoticia.com.br\/noticia\/imagens\/eta-mundo-bom-personagens-139x140.jpg 139w, https:\/\/migracao.redenoticia.com.br\/noticia\/imagens\/eta-mundo-bom-personagens-85x85.jpg 85w, https:\/\/migracao.redenoticia.com.br\/noticia\/imagens\/eta-mundo-bom-personagens.jpg 506w\" sizes=\"auto, (max-width: 299px) 100vw, 299px\" \/><\/p>\n<p><strong><em>Resumo novela \u201cEta Mundo Bom\u201d 01\/06<\/em><\/strong>: no cap\u00edtulo 026(*) da novela, segunda-feira, 01 de junho, Romeu afirma que voltou para comprar a fazenda e casar com Mafalda, mas a fam\u00edlia de Cunegundes n\u00e3o acredita no rapaz. Cara de C\u00e3o garante a Ernesto que conseguir\u00e1 o medalh\u00e3o de Candinho. Pirulito desconfia de que ele e Candinho est\u00e3o sendo vigiados. Cam\u00e9lia pede que Os\u00f3rio se afaste de Gerusa e deixe a pens\u00e3o se n\u00e3o encontrar um emprego.<\/p>\n<p>Emma contrata Cam\u00e9lia e Os\u00f3rio para a inaugura\u00e7\u00e3o de sua butique. Sandra arma para que Anast\u00e1cia expulse Maria de sua casa, mas Celso a defende. Maria entra em trabalho de parto, e o m\u00e9dico alerta Anast\u00e1cia e Celso que m\u00e3e e beb\u00ea est\u00e3o em risco.<\/p>\n<p>Celso e Anast\u00e1cia se preocupam com Maria. Severo ofende Emma e Lauro a defende. Ara\u00fajo flerta com Sandra. Nasce a filha de Maria, e o m\u00e9dico afirma que a mo\u00e7a ir\u00e1 sobreviver.<\/p>\n<p>Romeu volta para a pens\u00e3o de Cam\u00e9lia e Olga o apoia. Z\u00e9 dos Porcos encontra o anel de diamantes que Romeu comprou para Mafalda. Pancr\u00e1cio e Pirulito se preocupam com a seguran\u00e7a de Candinho. Cara de C\u00e3o consegue arrancar o medalh\u00e3o de Candinho.<\/p>\n<p>(*) edi\u00e7\u00e3o da Rede Globo, Novela \u201cEta Mundo Bom\u201d, sujeito a altera\u00e7\u00e3o de data e conte\u00fado.<\/p>\n<p>&#8220;Eta Mundo Bom&#8221; \u00e9 ambientada em 1948. A trama conta a hist\u00f3ria de Candinho (S\u00e9rgio Guiz\u00e9), que foi separado da m\u00e3e logo ap\u00f3s seu nascimento e foi acolhido pelo casal Cunegundes (Elizabeth Savalla) e Quinzinho (Ary Fontoura), donos da decadente fazenda Dom Pedro II, perto da cidade fict\u00edcia de Piracema, por volta dos anos 20.<\/p>\n","protected":false},"excerpt":{"rendered":"<p>Resumo novela \u201cEta Mundo Bom\u201d 01\/06: no cap\u00edtulo 026(*) da novela, segunda-feira, 01 de junho, Romeu afirma que voltou para comprar a fazenda e casar com Mafalda, mas a fam\u00edlia de Cunegundes n\u00e3o acredita no rapaz. Cara de C\u00e3o garante a Ernesto que conseguir\u00e1 o medalh\u00e3o de Candinho. Pirulito desconfia de que ele e Candinho [&hellip;]<\/p>\n","protected":false},"author":5,"featured_media":191973,"comment_status":"closed","ping_status":"closed","sticky":false,"template":"","format":"standard","meta":{"tdm_status":"","tdm_grid_status":"","footnotes":""},"categories":[558,379,375,343],"tags":[441],"class_list":{"0":"post-193534","1":"post","2":"type-post","3":"status-publish","4":"format-standard","5":"has-post-thumbnail","7":"category-eta-mundo-bom","8":"category-novelas","9":"category-rede-globo","10":"category-televisao","11":"tag-resumo-do-dia"},"_links":{"self":[{"href":"https:\/\/migracao.redenoticia.com.br\/noticia\/wp-json\/wp\/v2\/posts\/193534","targetHints":{"allow":["GET"]}}],"collection":[{"href":"https:\/\/migracao.redenoticia.com.br\/noticia\/wp-json\/wp\/v2\/posts"}],"about":[{"href":"https:\/\/migracao.redenoticia.com.br\/noticia\/wp-json\/wp\/v2\/types\/post"}],"author":[{"embeddable":true,"href":"https:\/\/migracao.redenoticia.com.br\/noticia\/wp-json\/wp\/v2\/users\/5"}],"replies":[{"embeddable":true,"href":"https:\/\/migracao.redenoticia.com.br\/noticia\/wp-json\/wp\/v2\/comments?post=193534"}],"version-history":[{"count":0,"href":"https:\/\/migracao.redenoticia.com.br\/noticia\/wp-json\/wp\/v2\/posts\/193534\/revisions"}],"wp:featuredmedia":[{"embeddable":true,"href":"https:\/\/migracao.redenoticia.com.br\/noticia\/wp-json\/wp\/v2\/media\/191973"}],"wp:attachment":[{"href":"https:\/\/migracao.redenoticia.com.br\/noticia\/wp-json\/wp\/v2\/media?parent=193534"}],"wp:term":[{"taxonomy":"category","embeddable":true,"href":"https:\/\/migracao.redenoticia.com.br\/noticia\/wp-json\/wp\/v2\/categories?post=193534"},{"taxonomy":"post_tag","embeddable":true,"href":"https:\/\/migracao.redenoticia.com.br\/noticia\/wp-json\/wp\/v2\/tags?post=193534"}],"curies":[{"name":"wp","href":"https:\/\/api.w.org\/{rel}","templated":true}]}}