{"id":193581,"date":"2020-06-01T11:45:52","date_gmt":"2020-06-01T14:45:52","guid":{"rendered":"https:\/\/www.redenoticia.com.br\/noticia\/?p=193581"},"modified":"2020-06-01T11:45:52","modified_gmt":"2020-06-01T14:45:52","slug":"resumo-novela-as-aventuras-de-poliana-02-06-os-acionistas-da-o11o-querem-que-otto-retorne-a-presidencia","status":"publish","type":"post","link":"https:\/\/migracao.redenoticia.com.br\/noticia\/2020\/resumo-novela-as-aventuras-de-poliana-02-06-os-acionistas-da-o11o-querem-que-otto-retorne-a-presidencia\/193581","title":{"rendered":"Resumo novela \u201cAs Aventuras de Poliana\u201d 02\/06: Os acionistas da O11O querem que OTTO retorne a presid\u00eancia"},"content":{"rendered":"<p><img loading=\"lazy\" decoding=\"async\" class=\"aligncenter size-large wp-image-148662\" src=\"https:\/\/migracao.redenoticia.com.br\/noticia\/imagens\/as-aventuras-de-poliana-novela-400x267.jpg\" alt=\"\" width=\"400\" height=\"267\" srcset=\"https:\/\/migracao.redenoticia.com.br\/noticia\/imagens\/as-aventuras-de-poliana-novela-400x267.jpg 400w, https:\/\/migracao.redenoticia.com.br\/noticia\/imagens\/as-aventuras-de-poliana-novela-250x167.jpg 250w, https:\/\/migracao.redenoticia.com.br\/noticia\/imagens\/as-aventuras-de-poliana-novela-150x100.jpg 150w, https:\/\/migracao.redenoticia.com.br\/noticia\/imagens\/as-aventuras-de-poliana-novela.jpg 600w\" sizes=\"auto, (max-width: 400px) 100vw, 400px\" \/><\/p>\n<p><strong><em>Resumo novela \u201cAs Aventuras de Poliana\u201d 02\/06<\/em><\/strong>: no cap\u00edtulo 535(*) da novela, ter\u00e7a-feira, 02 de junho, Ruth fica preocupada com a reputa\u00e7\u00e3o do col\u00e9gio com as recentes pol\u00eamicas. Marcelo pressiona para que D\u00e9bora conte a verdade quanto a sua gravidez. Nancy tenta levantar provas contra Waldisney. As not\u00edcias do contrato de Luca com a gravadora se espalham. Na r\u00e1dio do col\u00e9gio, Raquel e Mirela anunciam o tema para o musical de fim de ano: \u201cM\u00e1gico de Oz\u201d.<\/p>\n<p>Os acionistas da O11O querem que Roger saia da presid\u00eancia da empresa e que OTTO retorne. Nadine acusa Violeta para Roger. Poliana pede para Ruth deixar Sophie retornar a escola. Na comunidade, Falc\u00e3o decide acabar com as aulas de m\u00fasica. Atr\u00e1s de Waldisney, Nancy chega ao Toca Toca Bar.<\/p>\n<p>(*) edi\u00e7\u00e3o do SBT, Novela \u201cAs Aventuras de Poliana\u201d, sujeito a altera\u00e7\u00e3o de data e conte\u00fado.<\/p>\n<p>\u201cAs Aventuras de Poliana\u201d &#8211; Poliana \u00e9 uma menina extrovertida e de bom cora\u00e7\u00e3o que viajava o Brasil com seus pais, Lorenzo e Alice, no grupo circense Trupe Vagalume. Aos onze anos a garota v\u00ea seu mundo desabar quando seus pais falecem e ela tem que ir morar em S\u00e3o Paulo com sua tia Lu\u00edsa, uma mulher rica e severa, a qual ela n\u00e3o conhecia e que n\u00e3o queria cuidar dela, embora sinta que \u00e9 sua obriga\u00e7\u00e3o pela alma de sua irm\u00e3.<\/p>\n<p>Apesar do jeito da rigidez da tia, Poliana decide ter uma vis\u00e3o positiva e inabal\u00e1vel da vida, mesmo nos momentos de dificuldade, tentando levar um pouco de felicidade para a vida de cada um dos seus novos amigos e vizinhos, como o Sr. Pendleton, um homem rico e infeliz por nunca ter tido filhos. Ela vai estudar no col\u00e9gio de Ruth, uma diretora de bom cora\u00e7\u00e3o que a ajuda a se adaptar, mas tem que lidar com as vilanias de Mirela, garota mais velha que n\u00e3o aceita perder a popularidade para uma novata.<\/p>\n","protected":false},"excerpt":{"rendered":"<p>Resumo novela \u201cAs Aventuras de Poliana\u201d 02\/06: no cap\u00edtulo 535(*) da novela, ter\u00e7a-feira, 02 de junho, Ruth fica preocupada com a reputa\u00e7\u00e3o do col\u00e9gio com as recentes pol\u00eamicas. Marcelo pressiona para que D\u00e9bora conte a verdade quanto a sua gravidez. Nancy tenta levantar provas contra Waldisney. As not\u00edcias do contrato de Luca com a gravadora [&hellip;]<\/p>\n","protected":false},"author":4,"featured_media":148663,"comment_status":"closed","ping_status":"closed","sticky":false,"template":"","format":"standard","meta":{"tdm_status":"","tdm_grid_status":"","footnotes":""},"categories":[477,379,372,343],"tags":[441],"class_list":{"0":"post-193581","1":"post","2":"type-post","3":"status-publish","4":"format-standard","5":"has-post-thumbnail","7":"category-as-aventuras-de-poliana","8":"category-novelas","9":"category-sbt","10":"category-televisao","11":"tag-resumo-do-dia"},"_links":{"self":[{"href":"https:\/\/migracao.redenoticia.com.br\/noticia\/wp-json\/wp\/v2\/posts\/193581","targetHints":{"allow":["GET"]}}],"collection":[{"href":"https:\/\/migracao.redenoticia.com.br\/noticia\/wp-json\/wp\/v2\/posts"}],"about":[{"href":"https:\/\/migracao.redenoticia.com.br\/noticia\/wp-json\/wp\/v2\/types\/post"}],"author":[{"embeddable":true,"href":"https:\/\/migracao.redenoticia.com.br\/noticia\/wp-json\/wp\/v2\/users\/4"}],"replies":[{"embeddable":true,"href":"https:\/\/migracao.redenoticia.com.br\/noticia\/wp-json\/wp\/v2\/comments?post=193581"}],"version-history":[{"count":0,"href":"https:\/\/migracao.redenoticia.com.br\/noticia\/wp-json\/wp\/v2\/posts\/193581\/revisions"}],"wp:featuredmedia":[{"embeddable":true,"href":"https:\/\/migracao.redenoticia.com.br\/noticia\/wp-json\/wp\/v2\/media\/148663"}],"wp:attachment":[{"href":"https:\/\/migracao.redenoticia.com.br\/noticia\/wp-json\/wp\/v2\/media?parent=193581"}],"wp:term":[{"taxonomy":"category","embeddable":true,"href":"https:\/\/migracao.redenoticia.com.br\/noticia\/wp-json\/wp\/v2\/categories?post=193581"},{"taxonomy":"post_tag","embeddable":true,"href":"https:\/\/migracao.redenoticia.com.br\/noticia\/wp-json\/wp\/v2\/tags?post=193581"}],"curies":[{"name":"wp","href":"https:\/\/api.w.org\/{rel}","templated":true}]}}