{"id":193584,"date":"2020-06-01T11:47:06","date_gmt":"2020-06-01T14:47:06","guid":{"rendered":"https:\/\/www.redenoticia.com.br\/noticia\/?p=193584"},"modified":"2020-06-01T11:47:06","modified_gmt":"2020-06-01T14:47:06","slug":"resumo-novela-cumplices-de-um-resgate-02-06-regina-descobre-que-verdadeira-isabela-esta-na-mansao","status":"publish","type":"post","link":"https:\/\/migracao.redenoticia.com.br\/noticia\/2020\/resumo-novela-cumplices-de-um-resgate-02-06-regina-descobre-que-verdadeira-isabela-esta-na-mansao\/193584","title":{"rendered":"Resumo novela \u201cC\u00famplices de um Resgate\u201d 02\/06: Regina descobre que verdadeira Isabela est\u00e1 na mans\u00e3o"},"content":{"rendered":"<p><img loading=\"lazy\" decoding=\"async\" class=\"aligncenter size-large wp-image-164526\" src=\"https:\/\/migracao.redenoticia.com.br\/noticia\/imagens\/cumplices-de-um-resgate-001-316x300.jpg\" alt=\"\" width=\"316\" height=\"300\" srcset=\"https:\/\/migracao.redenoticia.com.br\/noticia\/imagens\/cumplices-de-um-resgate-001-316x300.jpg 316w, https:\/\/migracao.redenoticia.com.br\/noticia\/imagens\/cumplices-de-um-resgate-001-197x187.jpg 197w, https:\/\/migracao.redenoticia.com.br\/noticia\/imagens\/cumplices-de-um-resgate-001-150x143.jpg 150w, https:\/\/migracao.redenoticia.com.br\/noticia\/imagens\/cumplices-de-um-resgate-001.jpg 526w\" sizes=\"auto, (max-width: 316px) 100vw, 316px\" \/><\/p>\n<p><strong><em>Resumo novela \u201cC\u00famplices de um Resgate\u201d 02\/06<\/em><\/strong>: no cap\u00edtulo 368(*) da novela, ter\u00e7a-feira, 02 de junho, Regina descobre que algu\u00e9m conseguiu as provas contra Geraldo. As crian\u00e7as planejam uma a\u00e7\u00e3o para que Nina e Fiorina fa\u00e7am as pazes. Eles enviam flores de uma para a outra, sem que elas saibam. Regina chega \u00e0 conclus\u00e3o que quem est\u00e1 na mans\u00e3o \u00e9 a verdadeira Isabela e que a garota lhe enganou por todo esse tempo.<\/p>\n<p>Flora \u00e9 a nova faxineira e copeira da On-Enterprise. Tomas liga para a empresa concorrente para vender informa\u00e7\u00f5es. Giuseppe fica surpreso ao saber que Nina e Fiorina se tornaram amigas.<\/p>\n<p>(*) edi\u00e7\u00e3o do SBT, Novela \u201cC\u00famplices de um Resgate\u201d, sujeito a altera\u00e7\u00e3o de data e conte\u00fado.<\/p>\n<p>\u201cC\u00famplices de um Resgate\u201d &#8211; Duas irm\u00e3s g\u00eameas univitelinas que foram separadas ap\u00f3s nascimento, se reencontram somente ap\u00f3s doze anos. Manuela, uma das g\u00eameas, \u00e9 doce, meiga, gentil, e muito talentosa para a m\u00fasica e tem uma voz encantadora. Vive uma vida feliz no Vilarejo dos Sonhos, onde mora com sua av\u00f3 Nina, sua tia Helena e sua m\u00e3e Rebeca, que d\u00e1 muito amor e carinho a filha por ela nunca ter tido um pai, e ela \u00e9 a m\u00e3e biol\u00f3gica das duas garotas, mas nunca soube que teve g\u00eameas.<\/p>\n","protected":false},"excerpt":{"rendered":"<p>Resumo novela \u201cC\u00famplices de um Resgate\u201d 02\/06: no cap\u00edtulo 368(*) da novela, ter\u00e7a-feira, 02 de junho, Regina descobre que algu\u00e9m conseguiu as provas contra Geraldo. As crian\u00e7as planejam uma a\u00e7\u00e3o para que Nina e Fiorina fa\u00e7am as pazes. Eles enviam flores de uma para a outra, sem que elas saibam. Regina chega \u00e0 conclus\u00e3o que [&hellip;]<\/p>\n","protected":false},"author":4,"featured_media":164526,"comment_status":"closed","ping_status":"closed","sticky":false,"template":"","format":"standard","meta":{"tdm_status":"","tdm_grid_status":"","footnotes":""},"categories":[379,372,343],"tags":[441],"class_list":{"0":"post-193584","1":"post","2":"type-post","3":"status-publish","4":"format-standard","5":"has-post-thumbnail","7":"category-novelas","8":"category-sbt","9":"category-televisao","10":"tag-resumo-do-dia"},"_links":{"self":[{"href":"https:\/\/migracao.redenoticia.com.br\/noticia\/wp-json\/wp\/v2\/posts\/193584","targetHints":{"allow":["GET"]}}],"collection":[{"href":"https:\/\/migracao.redenoticia.com.br\/noticia\/wp-json\/wp\/v2\/posts"}],"about":[{"href":"https:\/\/migracao.redenoticia.com.br\/noticia\/wp-json\/wp\/v2\/types\/post"}],"author":[{"embeddable":true,"href":"https:\/\/migracao.redenoticia.com.br\/noticia\/wp-json\/wp\/v2\/users\/4"}],"replies":[{"embeddable":true,"href":"https:\/\/migracao.redenoticia.com.br\/noticia\/wp-json\/wp\/v2\/comments?post=193584"}],"version-history":[{"count":0,"href":"https:\/\/migracao.redenoticia.com.br\/noticia\/wp-json\/wp\/v2\/posts\/193584\/revisions"}],"wp:featuredmedia":[{"embeddable":true,"href":"https:\/\/migracao.redenoticia.com.br\/noticia\/wp-json\/wp\/v2\/media\/164526"}],"wp:attachment":[{"href":"https:\/\/migracao.redenoticia.com.br\/noticia\/wp-json\/wp\/v2\/media?parent=193584"}],"wp:term":[{"taxonomy":"category","embeddable":true,"href":"https:\/\/migracao.redenoticia.com.br\/noticia\/wp-json\/wp\/v2\/categories?post=193584"},{"taxonomy":"post_tag","embeddable":true,"href":"https:\/\/migracao.redenoticia.com.br\/noticia\/wp-json\/wp\/v2\/tags?post=193584"}],"curies":[{"name":"wp","href":"https:\/\/api.w.org\/{rel}","templated":true}]}}