{"id":193587,"date":"2020-06-01T11:48:18","date_gmt":"2020-06-01T14:48:18","guid":{"rendered":"https:\/\/www.redenoticia.com.br\/noticia\/?p=193587"},"modified":"2020-06-01T11:48:18","modified_gmt":"2020-06-01T14:48:18","slug":"resumo-novela-eta-mundo-bom-02-06-sandra-quer-que-ernesto-se-passe-por-candinho","status":"publish","type":"post","link":"https:\/\/migracao.redenoticia.com.br\/noticia\/2020\/resumo-novela-eta-mundo-bom-02-06-sandra-quer-que-ernesto-se-passe-por-candinho\/193587","title":{"rendered":"Resumo novela \u201cEta Mundo Bom\u201d 02\/06: Sandra quer que Ernesto se passe por Candinho"},"content":{"rendered":"<p><img loading=\"lazy\" decoding=\"async\" class=\"aligncenter size-large wp-image-191974\" src=\"https:\/\/migracao.redenoticia.com.br\/noticia\/imagens\/eta-mundo-bom-personagens-299x300.jpg\" alt=\"\" width=\"299\" height=\"300\" srcset=\"https:\/\/migracao.redenoticia.com.br\/noticia\/imagens\/eta-mundo-bom-personagens-299x300.jpg 299w, https:\/\/migracao.redenoticia.com.br\/noticia\/imagens\/eta-mundo-bom-personagens-186x187.jpg 186w, https:\/\/migracao.redenoticia.com.br\/noticia\/imagens\/eta-mundo-bom-personagens-150x150.jpg 150w, https:\/\/migracao.redenoticia.com.br\/noticia\/imagens\/eta-mundo-bom-personagens-139x140.jpg 139w, https:\/\/migracao.redenoticia.com.br\/noticia\/imagens\/eta-mundo-bom-personagens-85x85.jpg 85w, https:\/\/migracao.redenoticia.com.br\/noticia\/imagens\/eta-mundo-bom-personagens.jpg 506w\" sizes=\"auto, (max-width: 299px) 100vw, 299px\" \/><\/p>\n<p><strong><em>Resumo novela \u201cEta Mundo Bom\u201d 02\/06<\/em><\/strong>: no cap\u00edtulo 027(*) da novela, ter\u00e7a-feira, 02 de junho, Candinho sofre ao acreditar que, sem o medalh\u00e3o, jamais encontrar\u00e1 sua m\u00e3e. Z\u00e9 dos Porcos e Eponina concordam em guardar segredo sobre o anel que Romeu daria a Mafalda. Romeu lamenta o fracasso de seus planos com Mafalda. Cara de C\u00e3o entrega o medalh\u00e3o de Candinho a Ernesto.<\/p>\n<p>Maria agradece o apoio de Celso. Lauro convida Emma para jantar. Olga sugere que Romeu se aconselhe com Pancr\u00e1cio sobre Mafalda. Candinho procura Filomena. Sandra se prepara para revelar a Celso e Ernesto seu plano para enganar Anast\u00e1cia.<\/p>\n<p>Sandra explica que Ernesto se passar\u00e1 por Candinho para enganar Anast\u00e1cia. Candinho se declara mais uma vez para Filomena, que decide evitar novos encontros com o rapaz. Pancr\u00e1cio aconselha Romeu a ostentar sua riqueza para a fam\u00edlia de seu amor.<\/p>\n<p>Cunegundes tenta aproximar Mafalda de Ismael. Maria comenta com Anast\u00e1cia sua afei\u00e7\u00e3o por Celso. Paulina afirma a Clarice que Fragoso deseja se casar com Filomena. Braz observa Diana e Severo juntos. Ana sente uma forte dor no peito. Sandra inicia seu plano para enganar Anast\u00e1cia.<\/p>\n<p>(*) edi\u00e7\u00e3o da Rede Globo, Novela \u201cEta Mundo Bom\u201d, sujeito a altera\u00e7\u00e3o de data e conte\u00fado.<\/p>\n<p>&#8220;Eta Mundo Bom&#8221; \u00e9 ambientada em 1948. A trama conta a hist\u00f3ria de Candinho (S\u00e9rgio Guiz\u00e9), que foi separado da m\u00e3e logo ap\u00f3s seu nascimento e foi acolhido pelo casal Cunegundes (Elizabeth Savalla) e Quinzinho (Ary Fontoura), donos da decadente fazenda Dom Pedro II, perto da cidade fict\u00edcia de Piracema, por volta dos anos 20.<\/p>\n","protected":false},"excerpt":{"rendered":"<p>Resumo novela \u201cEta Mundo Bom\u201d 02\/06: no cap\u00edtulo 027(*) da novela, ter\u00e7a-feira, 02 de junho, Candinho sofre ao acreditar que, sem o medalh\u00e3o, jamais encontrar\u00e1 sua m\u00e3e. Z\u00e9 dos Porcos e Eponina concordam em guardar segredo sobre o anel que Romeu daria a Mafalda. Romeu lamenta o fracasso de seus planos com Mafalda. Cara de [&hellip;]<\/p>\n","protected":false},"author":4,"featured_media":191973,"comment_status":"closed","ping_status":"closed","sticky":false,"template":"","format":"standard","meta":{"tdm_status":"","tdm_grid_status":"","footnotes":""},"categories":[558,379,375,343],"tags":[441],"class_list":{"0":"post-193587","1":"post","2":"type-post","3":"status-publish","4":"format-standard","5":"has-post-thumbnail","7":"category-eta-mundo-bom","8":"category-novelas","9":"category-rede-globo","10":"category-televisao","11":"tag-resumo-do-dia"},"_links":{"self":[{"href":"https:\/\/migracao.redenoticia.com.br\/noticia\/wp-json\/wp\/v2\/posts\/193587","targetHints":{"allow":["GET"]}}],"collection":[{"href":"https:\/\/migracao.redenoticia.com.br\/noticia\/wp-json\/wp\/v2\/posts"}],"about":[{"href":"https:\/\/migracao.redenoticia.com.br\/noticia\/wp-json\/wp\/v2\/types\/post"}],"author":[{"embeddable":true,"href":"https:\/\/migracao.redenoticia.com.br\/noticia\/wp-json\/wp\/v2\/users\/4"}],"replies":[{"embeddable":true,"href":"https:\/\/migracao.redenoticia.com.br\/noticia\/wp-json\/wp\/v2\/comments?post=193587"}],"version-history":[{"count":0,"href":"https:\/\/migracao.redenoticia.com.br\/noticia\/wp-json\/wp\/v2\/posts\/193587\/revisions"}],"wp:featuredmedia":[{"embeddable":true,"href":"https:\/\/migracao.redenoticia.com.br\/noticia\/wp-json\/wp\/v2\/media\/191973"}],"wp:attachment":[{"href":"https:\/\/migracao.redenoticia.com.br\/noticia\/wp-json\/wp\/v2\/media?parent=193587"}],"wp:term":[{"taxonomy":"category","embeddable":true,"href":"https:\/\/migracao.redenoticia.com.br\/noticia\/wp-json\/wp\/v2\/categories?post=193587"},{"taxonomy":"post_tag","embeddable":true,"href":"https:\/\/migracao.redenoticia.com.br\/noticia\/wp-json\/wp\/v2\/tags?post=193587"}],"curies":[{"name":"wp","href":"https:\/\/api.w.org\/{rel}","templated":true}]}}