{"id":193590,"date":"2020-06-01T11:49:32","date_gmt":"2020-06-01T14:49:32","guid":{"rendered":"https:\/\/www.redenoticia.com.br\/noticia\/?p=193590"},"modified":"2020-06-01T11:49:32","modified_gmt":"2020-06-01T14:49:32","slug":"resumo-novela-malhacao-02-06-tato-discute-com-aldo","status":"publish","type":"post","link":"https:\/\/migracao.redenoticia.com.br\/noticia\/2020\/resumo-novela-malhacao-02-06-tato-discute-com-aldo\/193590","title":{"rendered":"Resumo novela \u201cMalha\u00e7\u00e3o\u201d 02\/06: Tato discute com Aldo"},"content":{"rendered":"<p><img loading=\"lazy\" decoding=\"async\" src=\"https:\/\/migracao.redenoticia.com.br\/noticia\/imagens\/malhacao-viva-diferenca-reprise-300x300.jpg\" alt=\"\" width=\"300\" height=\"300\" class=\"aligncenter size-large wp-image-190255\" srcset=\"https:\/\/migracao.redenoticia.com.br\/noticia\/imagens\/malhacao-viva-diferenca-reprise-300x300.jpg 300w, https:\/\/migracao.redenoticia.com.br\/noticia\/imagens\/malhacao-viva-diferenca-reprise-187x187.jpg 187w, https:\/\/migracao.redenoticia.com.br\/noticia\/imagens\/malhacao-viva-diferenca-reprise-150x150.jpg 150w, https:\/\/migracao.redenoticia.com.br\/noticia\/imagens\/malhacao-viva-diferenca-reprise-140x140.jpg 140w, https:\/\/migracao.redenoticia.com.br\/noticia\/imagens\/malhacao-viva-diferenca-reprise-85x85.jpg 85w, https:\/\/migracao.redenoticia.com.br\/noticia\/imagens\/malhacao-viva-diferenca-reprise.jpg 525w\" sizes=\"auto, (max-width: 300px) 100vw, 300px\" \/><\/p>\n<p><em><strong>Resumo novela \u201cMalha\u00e7\u00e3o\u201d Viva a Diferen\u00e7a 02\/06<\/strong><\/em>: no cap\u00edtulo 041(*) da novela, ter\u00e7a-feira, 02 de junho, Aldo se surpreende ao reencontrar Tato. Anderson avisa que falar\u00e1 com MC Pimenta, e Ellen e Tina se preocupam. Tato discute com Aldo. Ben\u00ea pede a ajuda de Julinho para o seu experimento. Ellen teme pela seguran\u00e7a de Anderson.<\/p>\n<p>Keyla insiste para que Tato n\u00e3o se preocupe mais com Deco. K1 e K2 reclamam por n\u00e3o estarem no novo v\u00eddeo de Fio. D\u00f3ris tenta convencer Tato a se concentrar mais no estudos. Anderson encontra MC Pimenta. Lica confessa a Clara que ficou com Felipe.<\/p>\n<p>(*) edi\u00e7\u00e3o da Rede Globo, Novela \u201cMalha\u00e7\u00e3o\u201d Viva a Diferen\u00e7a, sujeito a altera\u00e7\u00e3o de data e conte\u00fado.<\/p>\n<p>\u201cMalha\u00e7\u00e3o\u201d Viva a Diferen\u00e7a &#8211; No vibrante e ca\u00f3tico universo de S\u00e3o Paulo, Keyla (Gabriela Medvedovski), Ben\u00ea (Daphne Bozaski), Tina (Ana Hikari), Lica (Manoela Aliperti) e Ellen (Heslaine Vieira), cinco adolescentes que n\u00e3o se conheciam, se veem presas sozinhas no mesmo vag\u00e3o de metr\u00f4 por obra do acaso durante uma pane em um dia chuvoso. Como se n\u00e3o bastasse a tens\u00e3o natural da situa\u00e7\u00e3o, Keyla entra em trabalho de parto e elas se unem em solidariedade para ajud\u00e1-la no nascimento do beb\u00ea mesmo sem recursos dispon\u00edveis no local, criando um v\u00ednculo de amizade entre cinco garotas com backgrounds e personalidades completamente diferentes.<\/p>\n","protected":false},"excerpt":{"rendered":"<p>Resumo novela \u201cMalha\u00e7\u00e3o\u201d Viva a Diferen\u00e7a 02\/06: no cap\u00edtulo 041(*) da novela, ter\u00e7a-feira, 02 de junho, Aldo se surpreende ao reencontrar Tato. Anderson avisa que falar\u00e1 com MC Pimenta, e Ellen e Tina se preocupam. Tato discute com Aldo. Ben\u00ea pede a ajuda de Julinho para o seu experimento. Ellen teme pela seguran\u00e7a de Anderson. [&hellip;]<\/p>\n","protected":false},"author":4,"featured_media":190254,"comment_status":"closed","ping_status":"closed","sticky":false,"template":"","format":"standard","meta":{"tdm_status":"","tdm_grid_status":"","footnotes":""},"categories":[447,379,375,343],"tags":[441],"class_list":{"0":"post-193590","1":"post","2":"type-post","3":"status-publish","4":"format-standard","5":"has-post-thumbnail","7":"category-malhacao","8":"category-novelas","9":"category-rede-globo","10":"category-televisao","11":"tag-resumo-do-dia"},"_links":{"self":[{"href":"https:\/\/migracao.redenoticia.com.br\/noticia\/wp-json\/wp\/v2\/posts\/193590","targetHints":{"allow":["GET"]}}],"collection":[{"href":"https:\/\/migracao.redenoticia.com.br\/noticia\/wp-json\/wp\/v2\/posts"}],"about":[{"href":"https:\/\/migracao.redenoticia.com.br\/noticia\/wp-json\/wp\/v2\/types\/post"}],"author":[{"embeddable":true,"href":"https:\/\/migracao.redenoticia.com.br\/noticia\/wp-json\/wp\/v2\/users\/4"}],"replies":[{"embeddable":true,"href":"https:\/\/migracao.redenoticia.com.br\/noticia\/wp-json\/wp\/v2\/comments?post=193590"}],"version-history":[{"count":0,"href":"https:\/\/migracao.redenoticia.com.br\/noticia\/wp-json\/wp\/v2\/posts\/193590\/revisions"}],"wp:featuredmedia":[{"embeddable":true,"href":"https:\/\/migracao.redenoticia.com.br\/noticia\/wp-json\/wp\/v2\/media\/190254"}],"wp:attachment":[{"href":"https:\/\/migracao.redenoticia.com.br\/noticia\/wp-json\/wp\/v2\/media?parent=193590"}],"wp:term":[{"taxonomy":"category","embeddable":true,"href":"https:\/\/migracao.redenoticia.com.br\/noticia\/wp-json\/wp\/v2\/categories?post=193590"},{"taxonomy":"post_tag","embeddable":true,"href":"https:\/\/migracao.redenoticia.com.br\/noticia\/wp-json\/wp\/v2\/tags?post=193590"}],"curies":[{"name":"wp","href":"https:\/\/api.w.org\/{rel}","templated":true}]}}