{"id":193593,"date":"2020-06-01T11:58:45","date_gmt":"2020-06-01T14:58:45","guid":{"rendered":"https:\/\/www.redenoticia.com.br\/noticia\/?p=193593"},"modified":"2020-06-01T11:58:45","modified_gmt":"2020-06-01T14:58:45","slug":"resumo-novela-novo-mundo-02-06-dom-pedro-descobre-que-domitila-e-thomas-sao-cumplices","status":"publish","type":"post","link":"https:\/\/migracao.redenoticia.com.br\/noticia\/2020\/resumo-novela-novo-mundo-02-06-dom-pedro-descobre-que-domitila-e-thomas-sao-cumplices\/193593","title":{"rendered":"Resumo novela \u201cNovo Mundo\u201d 02\/06: Dom Pedro descobre que Domitila e Thomas s\u00e3o c\u00famplices"},"content":{"rendered":"<p><img loading=\"lazy\" decoding=\"async\" src=\"https:\/\/migracao.redenoticia.com.br\/noticia\/imagens\/novo-mundo-reprise-globo-300x300.jpg\" alt=\"\" width=\"300\" height=\"300\" class=\"aligncenter size-large wp-image-190256\" srcset=\"https:\/\/migracao.redenoticia.com.br\/noticia\/imagens\/novo-mundo-reprise-globo-300x300.jpg 300w, https:\/\/migracao.redenoticia.com.br\/noticia\/imagens\/novo-mundo-reprise-globo-187x187.jpg 187w, https:\/\/migracao.redenoticia.com.br\/noticia\/imagens\/novo-mundo-reprise-globo-150x150.jpg 150w, https:\/\/migracao.redenoticia.com.br\/noticia\/imagens\/novo-mundo-reprise-globo-140x140.jpg 140w, https:\/\/migracao.redenoticia.com.br\/noticia\/imagens\/novo-mundo-reprise-globo-85x85.jpg 85w, https:\/\/migracao.redenoticia.com.br\/noticia\/imagens\/novo-mundo-reprise-globo.jpg 600w\" sizes=\"auto, (max-width: 300px) 100vw, 300px\" \/><\/p>\n<p><em><strong>Resumo novela \u201cNovo Mundo\u201d 02\/06<\/strong><\/em>: no cap\u00edtulo 056(*) da novela, ter\u00e7a-feira, 02 de junho, Leopoldina chora nos bra\u00e7os de Joaquim. Bonif\u00e1cio e Joaquim constatam que o romance de Pedro e Domitila amea\u00e7a o Brasil. Germana sugere que Elvira cobre para entregar a Thomas o documento que encontrou com Joaquim. Ferdinando descobre a doen\u00e7a de Jurema. Anna confidencia a Liu suas descobertas sobre Thomas.<\/p>\n<p>Am\u00e1lia fica agitada quando Madre Assun\u00e7\u00e3o avisa que ela voltar\u00e1 para Portugal. Joaquim revela a Dom Pedro que Domitila e Thomas s\u00e3o c\u00famplices.<\/p>\n<p>(*) edi\u00e7\u00e3o da Rede Globo, Novela \u201cNovo Mundo\u201d, sujeito a altera\u00e7\u00e3o de data e conte\u00fado.<\/p>\n<p>Sinopse \u201cNovo Mundo\u201d: Em 1817 Anna Millman (Isabelle Drummond) \u00e9 uma inglesa que \u00e9 professora de portugu\u00eas que se envolve com o ator luso-brasileiro Joaquim Martinho (Chay Suede). Os dois se conhecem na Europa, mas v\u00eam ao pa\u00eds por causa da uni\u00e3o da futura imperatriz do Brasil com Dom Pedro (Caio Castro). Seus destinos se cruzam ao se encontrarem a bordo do navio que traz a princesa Maria Leopoldina de \u00c1ustria (Let\u00edcia Colin) para o Brasil, j\u00e1 que havia se casado com Dom Pedro por meio de uma procura\u00e7\u00e3o. Os dois iniciam um romance durante a viagem ao Novo Mundo. <\/p>\n","protected":false},"excerpt":{"rendered":"<p>Resumo novela \u201cNovo Mundo\u201d 02\/06: no cap\u00edtulo 056(*) da novela, ter\u00e7a-feira, 02 de junho, Leopoldina chora nos bra\u00e7os de Joaquim. Bonif\u00e1cio e Joaquim constatam que o romance de Pedro e Domitila amea\u00e7a o Brasil. Germana sugere que Elvira cobre para entregar a Thomas o documento que encontrou com Joaquim. Ferdinando descobre a doen\u00e7a de Jurema. [&hellip;]<\/p>\n","protected":false},"author":4,"featured_media":191224,"comment_status":"closed","ping_status":"closed","sticky":false,"template":"","format":"standard","meta":{"tdm_status":"","tdm_grid_status":"","footnotes":""},"categories":[379,557,375,343],"tags":[441],"class_list":{"0":"post-193593","1":"post","2":"type-post","3":"status-publish","4":"format-standard","5":"has-post-thumbnail","7":"category-novelas","8":"category-novo-mundo","9":"category-rede-globo","10":"category-televisao","11":"tag-resumo-do-dia"},"_links":{"self":[{"href":"https:\/\/migracao.redenoticia.com.br\/noticia\/wp-json\/wp\/v2\/posts\/193593","targetHints":{"allow":["GET"]}}],"collection":[{"href":"https:\/\/migracao.redenoticia.com.br\/noticia\/wp-json\/wp\/v2\/posts"}],"about":[{"href":"https:\/\/migracao.redenoticia.com.br\/noticia\/wp-json\/wp\/v2\/types\/post"}],"author":[{"embeddable":true,"href":"https:\/\/migracao.redenoticia.com.br\/noticia\/wp-json\/wp\/v2\/users\/4"}],"replies":[{"embeddable":true,"href":"https:\/\/migracao.redenoticia.com.br\/noticia\/wp-json\/wp\/v2\/comments?post=193593"}],"version-history":[{"count":0,"href":"https:\/\/migracao.redenoticia.com.br\/noticia\/wp-json\/wp\/v2\/posts\/193593\/revisions"}],"wp:featuredmedia":[{"embeddable":true,"href":"https:\/\/migracao.redenoticia.com.br\/noticia\/wp-json\/wp\/v2\/media\/191224"}],"wp:attachment":[{"href":"https:\/\/migracao.redenoticia.com.br\/noticia\/wp-json\/wp\/v2\/media?parent=193593"}],"wp:term":[{"taxonomy":"category","embeddable":true,"href":"https:\/\/migracao.redenoticia.com.br\/noticia\/wp-json\/wp\/v2\/categories?post=193593"},{"taxonomy":"post_tag","embeddable":true,"href":"https:\/\/migracao.redenoticia.com.br\/noticia\/wp-json\/wp\/v2\/tags?post=193593"}],"curies":[{"name":"wp","href":"https:\/\/api.w.org\/{rel}","templated":true}]}}