{"id":1936,"date":"2009-05-23T23:51:19","date_gmt":"2009-05-24T03:51:19","guid":{"rendered":"http:\/\/www.redenoticia.com.br\/noticia\/?p=1936"},"modified":"2009-05-23T23:51:19","modified_gmt":"2009-05-24T03:51:19","slug":"ministerio-cria-grupo-para-incentivar-turismo-em-parques-nacionais","status":"publish","type":"post","link":"https:\/\/migracao.redenoticia.com.br\/noticia\/2009\/ministerio-cria-grupo-para-incentivar-turismo-em-parques-nacionais\/1936","title":{"rendered":"Minist\u00e9rio cria grupo para incentivar turismo em parques nacionais"},"content":{"rendered":"<p><span class=\"titulo11\"><\/span><span style=\"font-size: 9pt; font-family: Arial; color: windowtext;\">O governo publicou no <em><span style=\"color: windowtext;\">Di\u00e1rio Oficial da Uni\u00e3o<\/span><\/em> a cria\u00e7\u00e3o do grupo de trabalho que vai incentivar o turismo nos parques nacionais.<\/span><\/p>\n<p class=\"western\"><span style=\"font-size: 9pt; font-family: Arial; color: windowtext;\">Segundo a Portaria n.\u00ba 171, do Minist\u00e9rio do Turismo, a comiss\u00e3o ser\u00e1 respons\u00e1vel por acompanhar os investimentos nos parques nacionais, sensibilizar a popula\u00e7\u00e3o da import\u00e2ncia de se preservar a biodiversidade e estabelecer mecanismos de promo\u00e7\u00e3o do turismo de forma integrada com as pol\u00edticas e projetos desenvolvidos nessa \u00e1rea.<\/span><\/p>\n<p class=\"western\"><span style=\"font-size: 9pt; font-family: Arial; color: windowtext;\">O grupo tem dois anos para a conclus\u00e3o dos trabalhos. O prazo pode ser prorrogado por igual per\u00edodo.<\/span><\/p>\n<p><span class=\"assinatura11\"><span style=\"font-size: 9pt; font-family: Arial;\">Da Ag\u00eancia Brasil <\/span><\/span><span style=\"font-size: 9pt; font-family: Arial;\"><br \/>\n<!--[if !supportLineBreakNewLine]--><br \/>\n<!--[endif]--><\/span><\/p>\n","protected":false},"excerpt":{"rendered":"<p>O governo publicou no Di\u00e1rio Oficial da Uni\u00e3o a cria\u00e7\u00e3o do grupo de trabalho que vai incentivar o turismo nos parques nacionais. Segundo a Portaria n.\u00ba 171, do Minist\u00e9rio do Turismo, a comiss\u00e3o ser\u00e1 respons\u00e1vel por acompanhar os investimentos nos parques nacionais, sensibilizar a popula\u00e7\u00e3o da import\u00e2ncia de se preservar a biodiversidade e estabelecer mecanismos [&hellip;]<\/p>\n","protected":false},"author":3,"featured_media":0,"comment_status":"open","ping_status":"open","sticky":false,"template":"","format":"standard","meta":{"tdm_status":"","tdm_grid_status":"","footnotes":""},"categories":[22],"tags":[],"class_list":{"0":"post-1936","1":"post","2":"type-post","3":"status-publish","4":"format-standard","6":"category-brasil"},"_links":{"self":[{"href":"https:\/\/migracao.redenoticia.com.br\/noticia\/wp-json\/wp\/v2\/posts\/1936","targetHints":{"allow":["GET"]}}],"collection":[{"href":"https:\/\/migracao.redenoticia.com.br\/noticia\/wp-json\/wp\/v2\/posts"}],"about":[{"href":"https:\/\/migracao.redenoticia.com.br\/noticia\/wp-json\/wp\/v2\/types\/post"}],"author":[{"embeddable":true,"href":"https:\/\/migracao.redenoticia.com.br\/noticia\/wp-json\/wp\/v2\/users\/3"}],"replies":[{"embeddable":true,"href":"https:\/\/migracao.redenoticia.com.br\/noticia\/wp-json\/wp\/v2\/comments?post=1936"}],"version-history":[{"count":0,"href":"https:\/\/migracao.redenoticia.com.br\/noticia\/wp-json\/wp\/v2\/posts\/1936\/revisions"}],"wp:attachment":[{"href":"https:\/\/migracao.redenoticia.com.br\/noticia\/wp-json\/wp\/v2\/media?parent=1936"}],"wp:term":[{"taxonomy":"category","embeddable":true,"href":"https:\/\/migracao.redenoticia.com.br\/noticia\/wp-json\/wp\/v2\/categories?post=1936"},{"taxonomy":"post_tag","embeddable":true,"href":"https:\/\/migracao.redenoticia.com.br\/noticia\/wp-json\/wp\/v2\/tags?post=1936"}],"curies":[{"name":"wp","href":"https:\/\/api.w.org\/{rel}","templated":true}]}}