{"id":193720,"date":"2020-06-03T15:04:05","date_gmt":"2020-06-03T18:04:05","guid":{"rendered":"https:\/\/www.redenoticia.com.br\/noticia\/?p=193720"},"modified":"2020-06-03T15:04:05","modified_gmt":"2020-06-03T18:04:05","slug":"resumo-novela-cumplices-de-um-resgate-04-06-regina-prende-isabela-no-porao","status":"publish","type":"post","link":"https:\/\/migracao.redenoticia.com.br\/noticia\/2020\/resumo-novela-cumplices-de-um-resgate-04-06-regina-prende-isabela-no-porao\/193720","title":{"rendered":"Resumo novela \u201cC\u00famplices de um Resgate\u201d 04\/06: Regina prende Isabela no por\u00e3o"},"content":{"rendered":"<p><img loading=\"lazy\" decoding=\"async\" class=\"aligncenter size-large wp-image-164526\" src=\"https:\/\/migracao.redenoticia.com.br\/noticia\/imagens\/cumplices-de-um-resgate-001-316x300.jpg\" alt=\"\" width=\"316\" height=\"300\" srcset=\"https:\/\/migracao.redenoticia.com.br\/noticia\/imagens\/cumplices-de-um-resgate-001-316x300.jpg 316w, https:\/\/migracao.redenoticia.com.br\/noticia\/imagens\/cumplices-de-um-resgate-001-197x187.jpg 197w, https:\/\/migracao.redenoticia.com.br\/noticia\/imagens\/cumplices-de-um-resgate-001-150x143.jpg 150w, https:\/\/migracao.redenoticia.com.br\/noticia\/imagens\/cumplices-de-um-resgate-001.jpg 526w\" sizes=\"auto, (max-width: 316px) 100vw, 316px\" \/><\/p>\n<p><strong><em>Resumo novela \u201cC\u00famplices de um Resgate\u201d 04\/06<\/em><\/strong>: no cap\u00edtulo 370(*) da novela, quinta-feira, 04 de junho, T\u00e9o, D\u00f3ris e Manuela deixam Mateus e Sabrina presos no galinheiro para fazerem as pazes. Safira assume o cargo que era de Geraldo na gravadora D\u00f3-R\u00e9-Music. A m\u00e3e de Omar castiga o garoto por comer na lanchonete e tentar sair sem pagar. Isabela finge um desmaio para n\u00e3o ter que cantar no ensaio da banda. Regina tem certeza que se trata da verdadeira Isabela. Priscila fica feliz ao ver que Safira colocou um porta retrato com foto das duas na sala dela na gravadora. Laura vai at\u00e9 a On-Enterprise para come\u00e7ar a ser modelo a convite de Frederico. Regina prende Isabela no por\u00e3o.<\/p>\n<p>A megera conta para Of\u00e9lio que a menina foi para casa de parentes e n\u00e3o h\u00e1 previs\u00e3o de volta. Manuela n\u00e3o se sente bem e liga para Of\u00e9lio para saber se est\u00e1 tudo bem com Isabela. Isabela fica irritada ao ver que Regina trancou a passagem secreta. Sabrina chama Mateus para andar de bicicleta. A garota cai e o Mateus lhe ajuda. Mesmo com o mesmo vestido, Nina e Fiorina continuam amigas e riem da situa\u00e7\u00e3o.<\/p>\n<p>(*) edi\u00e7\u00e3o do SBT, Novela \u201cC\u00famplices de um Resgate\u201d, sujeito a altera\u00e7\u00e3o de data e conte\u00fado.<\/p>\n<p>\u201cC\u00famplices de um Resgate\u201d &#8211; Duas irm\u00e3s g\u00eameas univitelinas que foram separadas ap\u00f3s nascimento, se reencontram somente ap\u00f3s doze anos. Manuela, uma das g\u00eameas, \u00e9 doce, meiga, gentil, e muito talentosa para a m\u00fasica e tem uma voz encantadora. Vive uma vida feliz no Vilarejo dos Sonhos, onde mora com sua av\u00f3 Nina, sua tia Helena e sua m\u00e3e Rebeca, que d\u00e1 muito amor e carinho a filha por ela nunca ter tido um pai, e ela \u00e9 a m\u00e3e biol\u00f3gica das duas garotas, mas nunca soube que teve g\u00eameas.<\/p>\n","protected":false},"excerpt":{"rendered":"<p>Resumo novela \u201cC\u00famplices de um Resgate\u201d 04\/06: no cap\u00edtulo 370(*) da novela, quinta-feira, 04 de junho, T\u00e9o, D\u00f3ris e Manuela deixam Mateus e Sabrina presos no galinheiro para fazerem as pazes. Safira assume o cargo que era de Geraldo na gravadora D\u00f3-R\u00e9-Music. A m\u00e3e de Omar castiga o garoto por comer na lanchonete e tentar [&hellip;]<\/p>\n","protected":false},"author":2,"featured_media":164525,"comment_status":"closed","ping_status":"closed","sticky":false,"template":"","format":"standard","meta":{"tdm_status":"","tdm_grid_status":"","footnotes":""},"categories":[379,372,343],"tags":[441],"class_list":{"0":"post-193720","1":"post","2":"type-post","3":"status-publish","4":"format-standard","5":"has-post-thumbnail","7":"category-novelas","8":"category-sbt","9":"category-televisao","10":"tag-resumo-do-dia"},"_links":{"self":[{"href":"https:\/\/migracao.redenoticia.com.br\/noticia\/wp-json\/wp\/v2\/posts\/193720","targetHints":{"allow":["GET"]}}],"collection":[{"href":"https:\/\/migracao.redenoticia.com.br\/noticia\/wp-json\/wp\/v2\/posts"}],"about":[{"href":"https:\/\/migracao.redenoticia.com.br\/noticia\/wp-json\/wp\/v2\/types\/post"}],"author":[{"embeddable":true,"href":"https:\/\/migracao.redenoticia.com.br\/noticia\/wp-json\/wp\/v2\/users\/2"}],"replies":[{"embeddable":true,"href":"https:\/\/migracao.redenoticia.com.br\/noticia\/wp-json\/wp\/v2\/comments?post=193720"}],"version-history":[{"count":0,"href":"https:\/\/migracao.redenoticia.com.br\/noticia\/wp-json\/wp\/v2\/posts\/193720\/revisions"}],"wp:featuredmedia":[{"embeddable":true,"href":"https:\/\/migracao.redenoticia.com.br\/noticia\/wp-json\/wp\/v2\/media\/164525"}],"wp:attachment":[{"href":"https:\/\/migracao.redenoticia.com.br\/noticia\/wp-json\/wp\/v2\/media?parent=193720"}],"wp:term":[{"taxonomy":"category","embeddable":true,"href":"https:\/\/migracao.redenoticia.com.br\/noticia\/wp-json\/wp\/v2\/categories?post=193720"},{"taxonomy":"post_tag","embeddable":true,"href":"https:\/\/migracao.redenoticia.com.br\/noticia\/wp-json\/wp\/v2\/tags?post=193720"}],"curies":[{"name":"wp","href":"https:\/\/api.w.org\/{rel}","templated":true}]}}