{"id":19396,"date":"2009-12-06T18:16:41","date_gmt":"2009-12-06T22:16:41","guid":{"rendered":"http:\/\/www.redenoticia.com.br\/noticia\/?p=19396"},"modified":"2009-12-06T18:16:41","modified_gmt":"2009-12-06T22:16:41","slug":"daniela-mercury-ganha-titulo-de-cidada-paulistana","status":"publish","type":"post","link":"https:\/\/migracao.redenoticia.com.br\/noticia\/2009\/daniela-mercury-ganha-titulo-de-cidada-paulistana\/19396","title":{"rendered":"Daniela Mercury ganha t\u00edtulo de cidad\u00e3 paulistana"},"content":{"rendered":"<p><img loading=\"lazy\" decoding=\"async\" class=\"alignleft size-full wp-image-19398\" title=\"Daniela Mercury\" src=\"https:\/\/migracao.redenoticia.com.br\/noticia\/imagens\/Daniela-Mercury.jpg\" alt=\"Daniela Mercury\" width=\"300\" height=\"199\" srcset=\"https:\/\/migracao.redenoticia.com.br\/noticia\/imagens\/Daniela-Mercury.jpg 300w, https:\/\/migracao.redenoticia.com.br\/noticia\/imagens\/Daniela-Mercury-250x165.jpg 250w, https:\/\/migracao.redenoticia.com.br\/noticia\/imagens\/Daniela-Mercury-150x99.jpg 150w\" sizes=\"auto, (max-width: 300px) 100vw, 300px\" \/>Na pr\u00f3xima segunda-feira, 7 de dezembro, a cantora Daniela Mercury receber\u00e1 da vereadora Mara Gabrilli o t\u00edtulo de cidad\u00e3 paulistana. A celebra\u00e7\u00e3o n\u00e3o poderia acontecer em local mais apropriado: a esquina da Ipiranga com a S\u00e3o Jo\u00e3o, no cora\u00e7\u00e3o de S\u00e3o Paulo. \u00c9 l\u00e1, no Bar Brahma que, \u00e0s 18h30, a artista baiana ir\u00e1 se tornar mais uma paulistana nesta capital de tantos superlativos.<\/p>\n<p>\u201cA Daniela \u00e9 pura explos\u00e3o. Quando chegou a S\u00e3o Paulo deixou marcas inesquec\u00edveis\u201d, diz Mara Gabrilli, que teve a iniciativa de homenagear a cantora. \u201cEla tem tamb\u00e9m um poder mobilizador importante para exigir que cada vez mais casas de shows no Brasil ofere\u00e7am acessibilidade, tanto para o p\u00fablico quanto para os artistas\u201d, completa Mara.<\/p>\n<p>Mundialmente conhecida por seu talento e pelas a\u00e7\u00f5es sociais que empreende a todo momento, Daniela Mercury nasceu em Salvador e encontrou na cidade de S\u00e3o Paulo o reconhecimento e o impulso para sua m\u00fasica. Daniela j\u00e1 cantou na cerim\u00f4nia do Pr\u00eamio Nobel da Paz e se apresentou em um espet\u00e1culo especial do Cirque du Soleil, transmitido para todo o mundo. Sua liga\u00e7\u00e3o com S\u00e3o Paulo \u00e9 intensa. Foi a partir de um show em junho de 1992, no V\u00e3o Livre do MASP, que literalmente parou a avenida Paulista, que Daniela Mercury lan\u00e7ou seu primeiro CD de sucesso \u201cO Canto da Cidade\u201d. Na \u00e9poca, os jornais estamparam: \u201cUMA BAIANA P\u00c1RA S\u00c3O PAULO\u201d, ap\u00f3s o qu\u00ea ficou conhecida por Furac\u00e3o Baiano.<\/p>\n<p>Rendendo sua primeira homenagem a S\u00e3o Paulo, o clipe de seu maior sucesso, \u201cO Canto da Cidade\u201d, foi gravado pelas ruas do Centro paulistano. \u201cO paulistano \u00e9 o melhor p\u00fablico do mundo. Eles gostam de todo tipo de m\u00fasica e eu s\u00f3 tenho a agradecer. Obrigada, S\u00e3o Paulo, mais uma vez&#8221;, declarou Daniela Mercury.<\/p>\n<p>\u201cSamba Sampa S\u00e3o Paulo.<\/p>\n<p>Santo concreto de ruas desertas<\/p>\n<p>Mar de gente, meu poema de rua<\/p>\n<p>Minha Consola\u00e7\u00e3o<\/p>\n<p>\u00c9 de santo S\u00e3o Paulo<\/p>\n<p>Canta S\u00e3o Paulo!!!\u201d<\/p>\n<p>(Letra de Daniela Mercury, \u201cRap Repente\u201d)<\/p>\n<p>Al\u00e9m da arte e cultura, Daniela tamb\u00e9m trabalha em prol da cidadania e solidariedade. Em 2008, fundou o Instituto Sol da Liberdade, que realiza projetos sociais nas \u00e1reas de arte e educa\u00e7\u00e3o. Desde 2003, ela \u00e9 membro do Conselho da Bolsa de Valores Sociais da BOVESPA para dar seu efetivo apoio ao financiamento de projetos que envolvem educa\u00e7\u00e3o destinados a crian\u00e7as, jovens e adultos, de 7 a 25 anos. \u00c9 embaixadora do Instituto Ayrton Senna, ONG para a qual faz apresenta\u00e7\u00f5es gratuitas e campanhas p\u00fablicas. Daniela tamb\u00e9m participa e apoia o Natal do Bem, que acontece anualmente em S\u00e3o Paulo por iniciativa do empres\u00e1rio Jo\u00e3o D\u00f3ria Jr., em prol dos mais necessitados, representados por quatro diferentes institui\u00e7\u00f5es.<\/p>\n<p>Nas comemora\u00e7\u00f5es dos 450 anos da cidade de S\u00e3o Paulo, foi Daniela Mercury quem deu voz ao Hino Nacional na parada comemorativa da cidade e desfilou pela rua a c\u00e9u aberto comemorando nosso anivers\u00e1rio. Ela \u00e9 tamb\u00e9m, desde 1995, embaixadora do UNICEF para as Crian\u00e7as Brasileiras.<\/p>\n","protected":false},"excerpt":{"rendered":"<p>Na pr\u00f3xima segunda-feira, 7 de dezembro, a cantora Daniela Mercury receber\u00e1 da vereadora Mara Gabrilli o t\u00edtulo de cidad\u00e3 paulistana. A celebra\u00e7\u00e3o n\u00e3o poderia acontecer em local mais apropriado: a esquina da Ipiranga com a S\u00e3o Jo\u00e3o, no cora\u00e7\u00e3o de S\u00e3o Paulo. \u00c9 l\u00e1, no Bar Brahma que, \u00e0s 18h30, a artista baiana ir\u00e1 se [&hellip;]<\/p>\n","protected":false},"author":2,"featured_media":0,"comment_status":"open","ping_status":"open","sticky":false,"template":"","format":"standard","meta":{"tdm_status":"","tdm_grid_status":"","footnotes":""},"categories":[22],"tags":[],"class_list":{"0":"post-19396","1":"post","2":"type-post","3":"status-publish","4":"format-standard","6":"category-brasil"},"_links":{"self":[{"href":"https:\/\/migracao.redenoticia.com.br\/noticia\/wp-json\/wp\/v2\/posts\/19396","targetHints":{"allow":["GET"]}}],"collection":[{"href":"https:\/\/migracao.redenoticia.com.br\/noticia\/wp-json\/wp\/v2\/posts"}],"about":[{"href":"https:\/\/migracao.redenoticia.com.br\/noticia\/wp-json\/wp\/v2\/types\/post"}],"author":[{"embeddable":true,"href":"https:\/\/migracao.redenoticia.com.br\/noticia\/wp-json\/wp\/v2\/users\/2"}],"replies":[{"embeddable":true,"href":"https:\/\/migracao.redenoticia.com.br\/noticia\/wp-json\/wp\/v2\/comments?post=19396"}],"version-history":[{"count":0,"href":"https:\/\/migracao.redenoticia.com.br\/noticia\/wp-json\/wp\/v2\/posts\/19396\/revisions"}],"wp:attachment":[{"href":"https:\/\/migracao.redenoticia.com.br\/noticia\/wp-json\/wp\/v2\/media?parent=19396"}],"wp:term":[{"taxonomy":"category","embeddable":true,"href":"https:\/\/migracao.redenoticia.com.br\/noticia\/wp-json\/wp\/v2\/categories?post=19396"},{"taxonomy":"post_tag","embeddable":true,"href":"https:\/\/migracao.redenoticia.com.br\/noticia\/wp-json\/wp\/v2\/tags?post=19396"}],"curies":[{"name":"wp","href":"https:\/\/api.w.org\/{rel}","templated":true}]}}