{"id":19430,"date":"2009-12-06T19:47:14","date_gmt":"2009-12-06T23:47:14","guid":{"rendered":"http:\/\/www.redenoticia.com.br\/noticia\/?p=19430"},"modified":"2009-12-06T19:47:14","modified_gmt":"2009-12-06T23:47:14","slug":"previsao-do-tempo-na-regiao-norte-de-07-a-0912","status":"publish","type":"post","link":"https:\/\/migracao.redenoticia.com.br\/noticia\/2009\/previsao-do-tempo-na-regiao-norte-de-07-a-0912\/19430","title":{"rendered":"Previs\u00e3o do tempo na Regi\u00e3o Norte de 07 a 09\/12"},"content":{"rendered":"<p><strong><em>Previs\u00e3o<\/em><\/strong> do tempo na <strong><em>Regi\u00e3o Norte<\/em><\/strong> em 07\/12\/2009: Em RR, norte do AM, no noroeste do AM e no oeste do AP: sol com varia\u00e7\u00e3o de nuvens. No AC, em RO, no centro-sul do TO, do AM e do PA: nublado com pancadas de chuva localmente forte a qualquer hora do dia. Nas demais \u00e1reas da Regi\u00e3o: sol com varia\u00e7\u00e3o de nuvens e pancadas isoladas de chuva. As temperaturas seguir\u00e3o est\u00e1veis. Temperatura m\u00e1xima: 36C no norte do AM. Temperatura m\u00ednima: 19C no noroeste de RR.<\/p>\n<p>08\/12\/2009 e tend\u00eancia 09\/12\/2009: Em RR, norte do AM, no noroeste do AM e no oeste do AP: sol com varia\u00e7\u00e3o de nuvens. No AC, em RO, no centro-sul do TO, do AM e do PA: nublado com pancadas de chuva localmente forte a qualquer hora do dia. Nas demais \u00e1reas da Regi\u00e3o: sol com varia\u00e7\u00e3o de nuvens e pancadas isoladas de chuva. As temperaturas seguir\u00e3o est\u00e1veis.<\/p>\n<p>O Centro de Previs\u00e3o de Tempo e Estudos Clim\u00e1ticos \u2013 CPTEC, do Instituto Nacional de Pesquisas Espaciais \u2013 INPE \u00e9 o passaporte do Brasil para o primeiro mundo das previs\u00f5es meteorol\u00f3gicas. Os supercomputadores vetoriais SX-6 e SX-4 fabricados pela NEC Corporation do Jap\u00e3o, possuem capacidade de processar at\u00e9 768 bilh\u00f5es e 16 bilh\u00f5es de opera\u00e7\u00f5es aritm\u00e9ticas em ponto flutuante por segundo respectivamente. Recentemente adquirido da \u201cNEC Corporation do Jap\u00e3o\u201d um cluster com 1100 processadores fabricado pela \u201cSUN Microsystem\u201d com a capacidade de processar at\u00e9 5.7 trilh\u00f5es de opera\u00e7\u00f5es aritm\u00e9ticas em ponto flutuante por segundo. Isso significa possibilidade de utilizar modelos num\u00e9ricos para simula\u00e7\u00e3o de tempo e clima, integrando informa\u00e7\u00f5es atmosf\u00e9ricas e oce\u00e2nicas. O resultado disso s\u00e3o previs\u00f5es de tempo confi\u00e1veis, para todo o pa\u00eds.\u00a0<\/p>\n<p>CPTEC\/INPE<\/p>\n","protected":false},"excerpt":{"rendered":"<p>Previs\u00e3o do tempo na Regi\u00e3o Norte em 07\/12\/2009: Em RR, norte do AM, no noroeste do AM e no oeste do AP: sol com varia\u00e7\u00e3o de nuvens. No AC, em RO, no centro-sul do TO, do AM e do PA: nublado com pancadas de chuva localmente forte a qualquer hora do dia. Nas demais \u00e1reas [&hellip;]<\/p>\n","protected":false},"author":3,"featured_media":0,"comment_status":"open","ping_status":"open","sticky":false,"template":"","format":"standard","meta":{"tdm_status":"","tdm_grid_status":"","footnotes":""},"categories":[327],"tags":[],"class_list":{"0":"post-19430","1":"post","2":"type-post","3":"status-publish","4":"format-standard","6":"category-clima"},"_links":{"self":[{"href":"https:\/\/migracao.redenoticia.com.br\/noticia\/wp-json\/wp\/v2\/posts\/19430","targetHints":{"allow":["GET"]}}],"collection":[{"href":"https:\/\/migracao.redenoticia.com.br\/noticia\/wp-json\/wp\/v2\/posts"}],"about":[{"href":"https:\/\/migracao.redenoticia.com.br\/noticia\/wp-json\/wp\/v2\/types\/post"}],"author":[{"embeddable":true,"href":"https:\/\/migracao.redenoticia.com.br\/noticia\/wp-json\/wp\/v2\/users\/3"}],"replies":[{"embeddable":true,"href":"https:\/\/migracao.redenoticia.com.br\/noticia\/wp-json\/wp\/v2\/comments?post=19430"}],"version-history":[{"count":0,"href":"https:\/\/migracao.redenoticia.com.br\/noticia\/wp-json\/wp\/v2\/posts\/19430\/revisions"}],"wp:attachment":[{"href":"https:\/\/migracao.redenoticia.com.br\/noticia\/wp-json\/wp\/v2\/media?parent=19430"}],"wp:term":[{"taxonomy":"category","embeddable":true,"href":"https:\/\/migracao.redenoticia.com.br\/noticia\/wp-json\/wp\/v2\/categories?post=19430"},{"taxonomy":"post_tag","embeddable":true,"href":"https:\/\/migracao.redenoticia.com.br\/noticia\/wp-json\/wp\/v2\/tags?post=19430"}],"curies":[{"name":"wp","href":"https:\/\/api.w.org\/{rel}","templated":true}]}}