{"id":19435,"date":"2009-12-06T19:50:13","date_gmt":"2009-12-06T23:50:13","guid":{"rendered":"http:\/\/www.redenoticia.com.br\/noticia\/?p=19435"},"modified":"2009-12-06T19:50:13","modified_gmt":"2009-12-06T23:50:13","slug":"previsao-do-tempo-no-vale-do-paraiba-de-07-a-0912","status":"publish","type":"post","link":"https:\/\/migracao.redenoticia.com.br\/noticia\/2009\/previsao-do-tempo-no-vale-do-paraiba-de-07-a-0912\/19435","title":{"rendered":"Previs\u00e3o do tempo no Vale do Para\u00edba de 07 a 09\/12"},"content":{"rendered":"<p>A previs\u00e3o do tempo no Vale do Para\u00edba, Litoral Norte e Serra da Mantiqueira indica varia\u00e7\u00e3o de nebulosidade e pancadas de chuva localizada na regi\u00e3o. Nesta segunda-feira (07\/12), o sol aparecer\u00e1 entre nuvens, e ocorrer\u00e3o pancadas de chuva localizadas na regi\u00e3o, principalmente a partir da tarde. As temperaturas estar\u00e3o est\u00e1veis.<\/p>\n<p>Na ter\u00e7a (08\/12) a nebulosidade aumenta e persistem as pancadas de chuva, que ocorrer\u00e3o a qualquer hora do dia. As temperaturas seguem est\u00e1veis.<\/p>\n<p>Tend\u00eancia para a quarta-feira (09\/12): o tempo ficar\u00e1 nublado e ocorrer\u00e3o pancadas de chuva na regi\u00e3o. As temperaturas estar\u00e3o est\u00e1veis.<\/p>\n<p>O Centro de Previs\u00e3o de Tempo e Estudos Clim\u00e1ticos \u2013 CPTEC, do Instituto Nacional de Pesquisas Espaciais \u2013 INPE \u00e9 o passaporte do Brasil para o primeiro mundo das previs\u00f5es meteorol\u00f3gicas. Os supercomputadores vetoriais SX-6 e SX-4 fabricados pela NEC Corporation do Jap\u00e3o, possuem capacidade de processar at\u00e9 768 bilh\u00f5es e 16 bilh\u00f5es de opera\u00e7\u00f5es aritm\u00e9ticas em ponto flutuante por segundo respectivamente. Recentemente adquirido da \u201cNEC Corporation do Jap\u00e3o\u201d um cluster com 1100 processadores fabricado pela \u201cSUN Microsystem\u201d com a capacidade de processar at\u00e9 5.7 trilh\u00f5es de opera\u00e7\u00f5es aritm\u00e9ticas em ponto flutuante por segundo. Isso significa possibilidade de utilizar modelos num\u00e9ricos para simula\u00e7\u00e3o de tempo e clima, integrando informa\u00e7\u00f5es atmosf\u00e9ricas e oce\u00e2nicas. O resultado disso s\u00e3o previs\u00f5es de tempo confi\u00e1veis, para todo o pa\u00eds.\u00a0<\/p>\n<p>CPTEC\/INPE<\/p>\n","protected":false},"excerpt":{"rendered":"<p>A previs\u00e3o do tempo no Vale do Para\u00edba, Litoral Norte e Serra da Mantiqueira indica varia\u00e7\u00e3o de nebulosidade e pancadas de chuva localizada na regi\u00e3o. Nesta segunda-feira (07\/12), o sol aparecer\u00e1 entre nuvens, e ocorrer\u00e3o pancadas de chuva localizadas na regi\u00e3o, principalmente a partir da tarde. As temperaturas estar\u00e3o est\u00e1veis. Na ter\u00e7a (08\/12) a nebulosidade [&hellip;]<\/p>\n","protected":false},"author":3,"featured_media":0,"comment_status":"open","ping_status":"open","sticky":false,"template":"","format":"standard","meta":{"tdm_status":"","tdm_grid_status":"","footnotes":""},"categories":[327],"tags":[],"class_list":{"0":"post-19435","1":"post","2":"type-post","3":"status-publish","4":"format-standard","6":"category-clima"},"_links":{"self":[{"href":"https:\/\/migracao.redenoticia.com.br\/noticia\/wp-json\/wp\/v2\/posts\/19435","targetHints":{"allow":["GET"]}}],"collection":[{"href":"https:\/\/migracao.redenoticia.com.br\/noticia\/wp-json\/wp\/v2\/posts"}],"about":[{"href":"https:\/\/migracao.redenoticia.com.br\/noticia\/wp-json\/wp\/v2\/types\/post"}],"author":[{"embeddable":true,"href":"https:\/\/migracao.redenoticia.com.br\/noticia\/wp-json\/wp\/v2\/users\/3"}],"replies":[{"embeddable":true,"href":"https:\/\/migracao.redenoticia.com.br\/noticia\/wp-json\/wp\/v2\/comments?post=19435"}],"version-history":[{"count":0,"href":"https:\/\/migracao.redenoticia.com.br\/noticia\/wp-json\/wp\/v2\/posts\/19435\/revisions"}],"wp:attachment":[{"href":"https:\/\/migracao.redenoticia.com.br\/noticia\/wp-json\/wp\/v2\/media?parent=19435"}],"wp:term":[{"taxonomy":"category","embeddable":true,"href":"https:\/\/migracao.redenoticia.com.br\/noticia\/wp-json\/wp\/v2\/categories?post=19435"},{"taxonomy":"post_tag","embeddable":true,"href":"https:\/\/migracao.redenoticia.com.br\/noticia\/wp-json\/wp\/v2\/tags?post=19435"}],"curies":[{"name":"wp","href":"https:\/\/api.w.org\/{rel}","templated":true}]}}