{"id":19458,"date":"2009-12-07T09:12:47","date_gmt":"2009-12-07T13:12:47","guid":{"rendered":"http:\/\/www.redenoticia.com.br\/noticia\/?p=19458"},"modified":"2009-12-07T09:12:47","modified_gmt":"2009-12-07T13:12:47","slug":"arvore-de-natal-da-bradesco-seguros-e-previdencia-e-inaugurada-com-espetaculo-de-musica-e-fogos","status":"publish","type":"post","link":"https:\/\/migracao.redenoticia.com.br\/noticia\/2009\/arvore-de-natal-da-bradesco-seguros-e-previdencia-e-inaugurada-com-espetaculo-de-musica-e-fogos\/19458","title":{"rendered":"\u00c1rvore de Natal da Bradesco Seguros e Previd\u00eancia \u00e9 inaugurada com espet\u00e1culo de m\u00fasica e fogos"},"content":{"rendered":"<p><img loading=\"lazy\" decoding=\"async\" class=\"alignleft size-full wp-image-19459\" title=\"Arvore de Natal da Bradesco Seguros\" src=\"https:\/\/migracao.redenoticia.com.br\/noticia\/imagens\/Arvore-de-Natal-da-Bradesco-Seguros.jpg\" alt=\"Arvore de Natal da Bradesco Seguros\" width=\"300\" height=\"212\" \/>O tradicional espet\u00e1culo de inaugura\u00e7\u00e3o da 14\u00aa edi\u00e7\u00e3o consecutiva da \u00c1rvore de Natal da Bradesco Seguros e Previd\u00eancia, a maior \u00e1rvore de Natal flutuante do mundo, segundo o Guinness Book of Records, atraiu a aten\u00e7\u00e3o de milhares de pessoas de todo o Brasil e do exterior neste s\u00e1bado.<\/p>\n<p>Pela primeira vez, o evento de inaugura\u00e7\u00e3o foi transmitido simultaneamente em tr\u00eas tel\u00f5es de LED (Diodo Emissor de Luz), espalhados em pontos estrat\u00e9gicos da Lagoa Rodrigo de Freitas, que reuniu em seu entorno cerca de 400 mil pessoas, segundo a Pol\u00edcia Militar. No dia seguinte, no domingo, esses mesmos tel\u00f5es ir\u00e3o reprisar o evento. Aqueles que n\u00e3o estavam no Rio de Janeiro tiveram a oportunidade de acompanhar o evento por meio da transmiss\u00e3o em tempo real no site\u00a0<strong><a href=\"http:\/\/www.arvorenatalbradescoseguros.com.br\" target=\"_blank\">www.arvorenatalbradescoseguros.com.br<\/a><\/strong>. A \u00c1rvore de Natal da Bradesco Seguros e Previd\u00eancia ficar\u00e1 exposta at\u00e9 o dia 6 de janeiro, Dia de Reis, quando acender\u00e1 pela \u00faltima vez como acontece tradicionalmente todos os anos.<\/p>\n<p>O p\u00fablico foi recebido pelo ator Jos\u00e9 Mayer. O mestre de cerim\u00f4nias, protagonista da novela \u201cViver a Vida\u201d da Rede Globo, apresentou as atra\u00e7\u00f5es para o p\u00fablico em um novo palco, projetado para proporcionar uma vis\u00e3o mais abrangente do espet\u00e1culo e da \u00c1rvore de Natal da Bradesco Seguros e Previd\u00eancia, no momento em que ela foi acesa.<\/p>\n<p>Esse momento m\u00e1ximo da noite foi marcado por uma grande queima de fogos. Os organizadores do evento prepararam um espet\u00e1culo pirot\u00e9cnico sincronizado com m\u00fasica, em que os fogos foram disparados por um sistema wireless e fizeram coreografias com a \u00c1rvore e seus efeitos de ilumina\u00e7\u00e3o, seguindo o ritmo de uma trilha sonora impactante.<\/p>\n<p>B\u00e1rbara Le\u00f4ncio, promessa do atletismo e campe\u00e3 mundial juvenil dos 200 metros rasos, foi a protagonista do acendimento da \u00c1rvore de Natal da Bradesco Seguros e Previd\u00eancia. Ela ficou mundialmente conhecida depois que foi escolhida pelo COB para ser estrela do filme que defendeu a vitoriosa candidatura da cidade do Rio de Janeiro para os Jogos Ol\u00edmpicos de 2016.<\/p>\n<p>O palco foi dividido entre apresenta\u00e7\u00f5es da cantora Simone, da Orquestra Sinf\u00f4nica de Barra Mansa e do Coral da Funda\u00e7\u00e3o Bradesco.<\/p>\n<p><strong>A uni\u00e3o dos nossos melhores desejos <\/strong><\/p>\n<p>O tema deste ano da \u00c1rvore de Natal da Bradesco Seguros e Previd\u00eancia \u00e9 \u201cA uni\u00e3o dos nosso melhores desejos\u201d.\u00a0 O monumento que, desde 1996, \u00e9 ponto de refer\u00eancia das comemora\u00e7\u00f5es de Natal no Brasil e no exterior, foi, pela primeira vez, decorado com as tradicionais guirlandas de Natal, que representam a soma dos desejos de todos para as festas de final de ano.<\/p>\n<p>A \u00c1rvore de Natal da Bradesco Seguros e Previd\u00eancia j\u00e1 entrou para o calend\u00e1rio oficial do Rio de Janeiro, sendo considerada o maior evento da cidade, ap\u00f3s o Carnaval e o R\u00e9veillon. A cenografia \u00e9 mais uma vez assinada por Abel Gomes, que n\u00e3o poupou criatividade para trazer para o p\u00fablico um grandioso espet\u00e1culo de luzes e cores. S\u00e3o onze fases sequenciais, iluminadas por 2,9 milh\u00f5es de microl\u00e2mpadas, 52 quil\u00f4metros de mangueiras luminosas e 1.600 estrobos (pequenas l\u00e2mpadas com efeito estrobosc\u00f3pico), que produzem o efeito de estrelas brilhando.<\/p>\n<p>Instalado na estrutura de 85 metros de altura, o carrilh\u00e3o eletr\u00f4nico, que encantou os visitantes da \u00c1rvore em 2008, reproduz can\u00e7\u00f5es natalinas, gravadas na It\u00e1lia, com sinos tocados manualmente por sineiros profissionais. A m\u00fasica-tema da \u00c1rvore de Natal da Bradesco Seguros e Previd\u00eancia, composta pelos irm\u00e3os Marcos e Paulo S\u00e9rgio Valle, e outras composi\u00e7\u00f5es natalinas, como Jingle Bells, ser\u00e3o apresentadas diariamente, \u00e0s 20h, 21h e 21h50. O carrilh\u00e3o eletr\u00f4nico, importado da It\u00e1lia, \u00e9 semelhante ao usado na Bas\u00edlica de S\u00e3o Pedro, no Vaticano, e apresentar\u00e1 sistema de propaga\u00e7\u00e3o de som acoplado \u00e0 estrutura da \u00c1rvore, para que as can\u00e7\u00f5es sejam ouvidas \u00e0s margens da Lagoa.<\/p>\n<p><strong>Sustentabilidade <\/strong><\/p>\n<p>O espet\u00e1culo de luzes e cores proporcionado pela maior \u00e1rvore de Natal flutuante do mundo conta com geradores movidos a biodiesel, que contribuem para a redu\u00e7\u00e3o da emiss\u00e3o de CO2 (g\u00e1s carb\u00f4nico) na atmosfera. Para otimizar o uso do combust\u00edvel, \u00e9 tamb\u00e9m utilizado um sistema de telemetria computadorizada que aciona os geradores conforme a exig\u00eancia de ilumina\u00e7\u00e3o programada.<\/p>\n<p>Al\u00e9m disso, a emiss\u00e3o de g\u00e1s carb\u00f4nico (CO2) na atmosfera proporcionada pela montagem, exibi\u00e7\u00e3o e desmontagem da edi\u00e7\u00e3o 2009 da \u00c1rvore ser\u00e1 neutralizada pelo plantio de \u00e1rvores por meio da parceria com a Funda\u00e7\u00e3o SOS Mata Atl\u00e2ntica.<\/p>\n<p><strong>Na internet <\/strong><\/p>\n<p>Um concurso cultural \u00e9 a grande novidade do site da edi\u00e7\u00e3o 2009 da \u00c1rvore de Natal da Bradesco Seguros e Previd\u00eancia. Os internautas podem fazer o upload de v\u00eddeos com mensagens sobre o que desejam para o Natal. O p\u00fablico vai votar e escolher os melhores v\u00eddeos. Os autores dos tr\u00eas mais votados v\u00e3o ganhar iPhones.<\/p>\n<p>A \u00c1rvore est\u00e1 gerando frutos nas redes sociais. Orkut, Twitter, Facebook e YouTube s\u00e3o alguns sites nos quais a Bradesco Seguros e Previd\u00eancia e os entusiastas da maior \u00e1rvore de Natal flutuante do mundo trocam informa\u00e7\u00f5es, d\u00e3o dicas, acessam e baixam fotos, v\u00eddeos e coment\u00e1rios sobre esse grande evento que j\u00e1 ultrapassou as fronteiras do pa\u00eds. Os acessos \u00e0s redes podem ser feitos tamb\u00e9m pelo site.<\/p>\n<p>Al\u00e9m disso, o site disponibiliza uma s\u00e9rie de informa\u00e7\u00f5es sobre o hist\u00f3rico da \u00c1rvore, emoticons para MSN messenger, envio de cart\u00f5es virtuais personalizados, games, m\u00fasica-tema da \u00c1rvore com letra para download, receitas de pratos natalinos e dicas para uma ceia especial, com sugest\u00f5es de Chefs. O site da \u00c1rvore de Natal da Bradesco Seguros e Previd\u00eancia conta com uma \u00e1rea de not\u00edcias, galeria de fotos e v\u00eddeos. O internauta poder\u00e1 tamb\u00e9m fazer um tour virtual de 360\u00ba.<\/p>\n","protected":false},"excerpt":{"rendered":"<p>O tradicional espet\u00e1culo de inaugura\u00e7\u00e3o da 14\u00aa edi\u00e7\u00e3o consecutiva da \u00c1rvore de Natal da Bradesco Seguros e Previd\u00eancia, a maior \u00e1rvore de Natal flutuante do mundo, segundo o Guinness Book of Records, atraiu a aten\u00e7\u00e3o de milhares de pessoas de todo o Brasil e do exterior neste s\u00e1bado. Pela primeira vez, o evento de inaugura\u00e7\u00e3o [&hellip;]<\/p>\n","protected":false},"author":2,"featured_media":0,"comment_status":"open","ping_status":"open","sticky":false,"template":"","format":"standard","meta":{"tdm_status":"","tdm_grid_status":"","footnotes":""},"categories":[22],"tags":[],"class_list":{"0":"post-19458","1":"post","2":"type-post","3":"status-publish","4":"format-standard","6":"category-brasil"},"_links":{"self":[{"href":"https:\/\/migracao.redenoticia.com.br\/noticia\/wp-json\/wp\/v2\/posts\/19458","targetHints":{"allow":["GET"]}}],"collection":[{"href":"https:\/\/migracao.redenoticia.com.br\/noticia\/wp-json\/wp\/v2\/posts"}],"about":[{"href":"https:\/\/migracao.redenoticia.com.br\/noticia\/wp-json\/wp\/v2\/types\/post"}],"author":[{"embeddable":true,"href":"https:\/\/migracao.redenoticia.com.br\/noticia\/wp-json\/wp\/v2\/users\/2"}],"replies":[{"embeddable":true,"href":"https:\/\/migracao.redenoticia.com.br\/noticia\/wp-json\/wp\/v2\/comments?post=19458"}],"version-history":[{"count":0,"href":"https:\/\/migracao.redenoticia.com.br\/noticia\/wp-json\/wp\/v2\/posts\/19458\/revisions"}],"wp:attachment":[{"href":"https:\/\/migracao.redenoticia.com.br\/noticia\/wp-json\/wp\/v2\/media?parent=19458"}],"wp:term":[{"taxonomy":"category","embeddable":true,"href":"https:\/\/migracao.redenoticia.com.br\/noticia\/wp-json\/wp\/v2\/categories?post=19458"},{"taxonomy":"post_tag","embeddable":true,"href":"https:\/\/migracao.redenoticia.com.br\/noticia\/wp-json\/wp\/v2\/tags?post=19458"}],"curies":[{"name":"wp","href":"https:\/\/api.w.org\/{rel}","templated":true}]}}