{"id":194586,"date":"2020-06-20T21:49:45","date_gmt":"2020-06-21T00:49:45","guid":{"rendered":"https:\/\/www.redenoticia.com.br\/noticia\/?p=194586"},"modified":"2020-06-20T21:49:45","modified_gmt":"2020-06-21T00:49:45","slug":"resumo-novela-eta-mundo-bom-22-06-candinho-ve-o-retrato-de-filomena-despida","status":"publish","type":"post","link":"https:\/\/migracao.redenoticia.com.br\/noticia\/2020\/resumo-novela-eta-mundo-bom-22-06-candinho-ve-o-retrato-de-filomena-despida\/194586","title":{"rendered":"Resumo novela \u201cEta Mundo Bom\u201d 22\/06: Candinho v\u00ea o retrato de Filomena despida"},"content":{"rendered":"<p> <img loading=\"lazy\" decoding=\"async\" class=\"aligncenter size-large wp-image-191974\" src=\"https:\/\/migracao.redenoticia.com.br\/noticia\/imagens\/eta-mundo-bom-personagens-299x300.jpg\" alt=\"\" width=\"299\" height=\"300\" srcset=\"https:\/\/migracao.redenoticia.com.br\/noticia\/imagens\/eta-mundo-bom-personagens-299x300.jpg 299w, https:\/\/migracao.redenoticia.com.br\/noticia\/imagens\/eta-mundo-bom-personagens-186x187.jpg 186w, https:\/\/migracao.redenoticia.com.br\/noticia\/imagens\/eta-mundo-bom-personagens-150x150.jpg 150w, https:\/\/migracao.redenoticia.com.br\/noticia\/imagens\/eta-mundo-bom-personagens-139x140.jpg 139w, https:\/\/migracao.redenoticia.com.br\/noticia\/imagens\/eta-mundo-bom-personagens-85x85.jpg 85w, https:\/\/migracao.redenoticia.com.br\/noticia\/imagens\/eta-mundo-bom-personagens.jpg 506w\" sizes=\"auto, (max-width: 299px) 100vw, 299px\" \/><\/p>\n<p><strong><em>Resumo novela \u201cEta Mundo Bom\u201d 22\/06<\/em><\/strong>: no cap\u00edtulo 041(*) da novela, segunda-feira, 22 de junho, Sandra tenta se explicar para Anast\u00e1cia e Pancr\u00e1cio convence a matriarca de que seus sobrinhos n\u00e3o participaram da arma\u00e7\u00e3o de Ernesto. Clarice revela tudo o que descobriu a Filomena, que afirma que romper\u00e1 sua amizade com Fragoso e contar\u00e1 a Candinho que ele ser\u00e1 pai.<\/p>\n<p>Anast\u00e1cia agradece o apoio de Maria. Pancr\u00e1cio e Anast\u00e1cia decidem se conhecer melhor. Pancr\u00e1cio leva Eponina ao encontro de Filomena. Eponina n\u00e3o gosta de ver Filomena com Fragoso. Sarita inventa para Mafalda que \u00e9 noiva de Romeu. Sandra afirma a Ernesto que se casar\u00e1 com o verdadeiro Candinho.<\/p>\n<p>Sandra e Ernesto armam um plano para fazer com que Candinho esque\u00e7a Filomena. Eponina diz a Filomena que ela n\u00e3o \u00e9 mais um bom exemplo para seus irm\u00e3os. Mafalda afirma a Romeu que quer dist\u00e2ncia do rapaz. Filomena revela a Eponina que est\u00e1 gr\u00e1vida. Cam\u00e9lia e Os\u00f3rio sofrem com a doen\u00e7a de Gerusa.<\/p>\n<p>Pirulito comenta com Sandra que Candinho a acha bonita. Anast\u00e1cia agradece Eponina por ter cuidado de seu filho. Mafalda, Eponina e Quincas comemoram a volta para a fazenda. Clarice avisa a Candinho que Filomena precisa lhe falar com urg\u00eancia. Sandra mostra a Candinho o retrato de Filomena despida.<\/p>\n<p>(*) edi\u00e7\u00e3o da Rede Globo, Novela \u201cEta Mundo Bom\u201d, sujeito a altera\u00e7\u00e3o de data e conte\u00fado.<\/p>\n<p>&#8220;Eta Mundo Bom&#8221; \u00e9 ambientada em 1948. A trama conta a hist\u00f3ria de Candinho (S\u00e9rgio Guiz\u00e9), que foi separado da m\u00e3e logo ap\u00f3s seu nascimento e foi acolhido pelo casal Cunegundes (Elizabeth Savalla) e Quinzinho (Ary Fontoura), donos da decadente fazenda Dom Pedro II, perto da cidade fict\u00edcia de Piracema, por volta dos anos 20.<\/p>\n","protected":false},"excerpt":{"rendered":"<p>Resumo novela \u201cEta Mundo Bom\u201d 22\/06: no cap\u00edtulo 041(*) da novela, segunda-feira, 22 de junho, Sandra tenta se explicar para Anast\u00e1cia e Pancr\u00e1cio convence a matriarca de que seus sobrinhos n\u00e3o participaram da arma\u00e7\u00e3o de Ernesto. Clarice revela tudo o que descobriu a Filomena, que afirma que romper\u00e1 sua amizade com Fragoso e contar\u00e1 a [&hellip;]<\/p>\n","protected":false},"author":2,"featured_media":191973,"comment_status":"closed","ping_status":"closed","sticky":false,"template":"","format":"standard","meta":{"tdm_status":"","tdm_grid_status":"","footnotes":""},"categories":[558,379,375,343],"tags":[441],"class_list":{"0":"post-194586","1":"post","2":"type-post","3":"status-publish","4":"format-standard","5":"has-post-thumbnail","7":"category-eta-mundo-bom","8":"category-novelas","9":"category-rede-globo","10":"category-televisao","11":"tag-resumo-do-dia"},"_links":{"self":[{"href":"https:\/\/migracao.redenoticia.com.br\/noticia\/wp-json\/wp\/v2\/posts\/194586","targetHints":{"allow":["GET"]}}],"collection":[{"href":"https:\/\/migracao.redenoticia.com.br\/noticia\/wp-json\/wp\/v2\/posts"}],"about":[{"href":"https:\/\/migracao.redenoticia.com.br\/noticia\/wp-json\/wp\/v2\/types\/post"}],"author":[{"embeddable":true,"href":"https:\/\/migracao.redenoticia.com.br\/noticia\/wp-json\/wp\/v2\/users\/2"}],"replies":[{"embeddable":true,"href":"https:\/\/migracao.redenoticia.com.br\/noticia\/wp-json\/wp\/v2\/comments?post=194586"}],"version-history":[{"count":0,"href":"https:\/\/migracao.redenoticia.com.br\/noticia\/wp-json\/wp\/v2\/posts\/194586\/revisions"}],"wp:featuredmedia":[{"embeddable":true,"href":"https:\/\/migracao.redenoticia.com.br\/noticia\/wp-json\/wp\/v2\/media\/191973"}],"wp:attachment":[{"href":"https:\/\/migracao.redenoticia.com.br\/noticia\/wp-json\/wp\/v2\/media?parent=194586"}],"wp:term":[{"taxonomy":"category","embeddable":true,"href":"https:\/\/migracao.redenoticia.com.br\/noticia\/wp-json\/wp\/v2\/categories?post=194586"},{"taxonomy":"post_tag","embeddable":true,"href":"https:\/\/migracao.redenoticia.com.br\/noticia\/wp-json\/wp\/v2\/tags?post=194586"}],"curies":[{"name":"wp","href":"https:\/\/api.w.org\/{rel}","templated":true}]}}