{"id":194599,"date":"2020-06-22T12:07:34","date_gmt":"2020-06-22T15:07:34","guid":{"rendered":"https:\/\/www.redenoticia.com.br\/noticia\/?p=194599"},"modified":"2020-06-22T12:07:34","modified_gmt":"2020-06-22T15:07:34","slug":"resumo-novela-betty-a-feia-em-nova-york-23-06-betty-revela-ao-pai-porque-maquiou-as-financas-da-vm","status":"publish","type":"post","link":"https:\/\/migracao.redenoticia.com.br\/noticia\/2020\/resumo-novela-betty-a-feia-em-nova-york-23-06-betty-revela-ao-pai-porque-maquiou-as-financas-da-vm\/194599","title":{"rendered":"Resumo novela \u201cBetty, a Feia em Nova York\u201d 23\/06: Betty revela ao pai porque maquiou as finan\u00e7as da V&#038;M"},"content":{"rendered":"<p><img loading=\"lazy\" decoding=\"async\" src=\"https:\/\/migracao.redenoticia.com.br\/noticia\/imagens\/betty-ny-sbt-400x225.jpg\" alt=\"\" width=\"400\" height=\"225\" class=\"aligncenter size-large wp-image-187571\" srcset=\"https:\/\/migracao.redenoticia.com.br\/noticia\/imagens\/betty-ny-sbt-400x225.jpg 400w, https:\/\/migracao.redenoticia.com.br\/noticia\/imagens\/betty-ny-sbt-250x140.jpg 250w, https:\/\/migracao.redenoticia.com.br\/noticia\/imagens\/betty-ny-sbt-768x432.jpg 768w, https:\/\/migracao.redenoticia.com.br\/noticia\/imagens\/betty-ny-sbt-150x85.jpg 150w, https:\/\/migracao.redenoticia.com.br\/noticia\/imagens\/betty-ny-sbt-696x392.jpg 696w, https:\/\/migracao.redenoticia.com.br\/noticia\/imagens\/betty-ny-sbt.jpg 1280w\" sizes=\"auto, (max-width: 400px) 100vw, 400px\" \/><\/p>\n<p><em><strong>Resumo novela \u201cBetty, a Feia em Nova York\u201d 23\/06<\/strong><\/em>: no cap\u00edtulo 108(*) da novela, ter\u00e7a-feira, 23 de junho, Roberto mostra a ele os informes financeiros da V&#038;M para que ele entende a situa\u00e7\u00e3o. Ao ficar sabendo da fraude, Dem\u00e9trio promete que sua filha assumir\u00e1 sua culpa e devolver\u00e1 a empresa. Ao chegar em casa, Betty encontra o pai esperando por ela e \u00e9 obrigada a explicar a ele porque maquiou os informes financeiros da V&#038;M.<\/p>\n<p>Ela explica ao pai suas raz\u00f5es e concorda em ir at\u00e9 a V&#038;M e assumir sua culpa. Esteban explica a Dem\u00e9trio a crise financeira que a V&#038;M est\u00e1 atravessando e deixa claro que se Betty devolver a empresa eles ir\u00e3o \u00e0 fal\u00eancia. Mal\u00fa passa a noite com Ricardo e ele pede que n\u00e3o comente nada com ningu\u00e9m.<\/p>\n<p>(*) edi\u00e7\u00e3o da Rede Globo, Novela \u201cBetty, a Feia em Nova York\u201d, sujeito a altera\u00e7\u00e3o de data e conte\u00fado. <\/p>\n<p>Sinopse \u201cBetty, a Feia em Nova York\u201d: A historia gira entorno a Betty (Elyfer Torres), uma jovem mexicana inteligente e capaz que vive em Nova York na busca pelos sonhos superando os preju\u00edzos onde a imagem \u00e9 tudo. Depois de seis meses rejeitada e demitida de todos os trabalhos em raz\u00e3o da falta de atrativo f\u00edsico, Betty decide aceitar um trabalho muito abaixo de suas capacidades.Depois de ingressar na empresa V&#038;M Fashion, vira secret\u00e1ria pessoal do presidente da companhia.<\/p>\n<p>Apesar de ser ridicularizada e humilhada pela falta de estilo Betty est\u00e1 mais que disposta a n\u00e3o ser derrotada nesta implac\u00e1vel guerra de apar\u00eancias.Se no lado pessoal Betty \u00e9 exatamente competente e tem grandes planos para o crescimento pessoal, as suas poucas qualidades poder\u00e1 ajudar Betty a encontrar o verdadeiro amor.<\/p>\n","protected":false},"excerpt":{"rendered":"<p>Resumo novela \u201cBetty, a Feia em Nova York\u201d 23\/06: no cap\u00edtulo 108(*) da novela, ter\u00e7a-feira, 23 de junho, Roberto mostra a ele os informes financeiros da V&#038;M para que ele entende a situa\u00e7\u00e3o. Ao ficar sabendo da fraude, Dem\u00e9trio promete que sua filha assumir\u00e1 sua culpa e devolver\u00e1 a empresa. Ao chegar em casa, Betty [&hellip;]<\/p>\n","protected":false},"author":4,"featured_media":187571,"comment_status":"closed","ping_status":"closed","sticky":false,"template":"","format":"standard","meta":{"tdm_status":"","tdm_grid_status":"","footnotes":""},"categories":[379,372,343],"tags":[441],"class_list":{"0":"post-194599","1":"post","2":"type-post","3":"status-publish","4":"format-standard","5":"has-post-thumbnail","7":"category-novelas","8":"category-sbt","9":"category-televisao","10":"tag-resumo-do-dia"},"_links":{"self":[{"href":"https:\/\/migracao.redenoticia.com.br\/noticia\/wp-json\/wp\/v2\/posts\/194599","targetHints":{"allow":["GET"]}}],"collection":[{"href":"https:\/\/migracao.redenoticia.com.br\/noticia\/wp-json\/wp\/v2\/posts"}],"about":[{"href":"https:\/\/migracao.redenoticia.com.br\/noticia\/wp-json\/wp\/v2\/types\/post"}],"author":[{"embeddable":true,"href":"https:\/\/migracao.redenoticia.com.br\/noticia\/wp-json\/wp\/v2\/users\/4"}],"replies":[{"embeddable":true,"href":"https:\/\/migracao.redenoticia.com.br\/noticia\/wp-json\/wp\/v2\/comments?post=194599"}],"version-history":[{"count":0,"href":"https:\/\/migracao.redenoticia.com.br\/noticia\/wp-json\/wp\/v2\/posts\/194599\/revisions"}],"wp:featuredmedia":[{"embeddable":true,"href":"https:\/\/migracao.redenoticia.com.br\/noticia\/wp-json\/wp\/v2\/media\/187571"}],"wp:attachment":[{"href":"https:\/\/migracao.redenoticia.com.br\/noticia\/wp-json\/wp\/v2\/media?parent=194599"}],"wp:term":[{"taxonomy":"category","embeddable":true,"href":"https:\/\/migracao.redenoticia.com.br\/noticia\/wp-json\/wp\/v2\/categories?post=194599"},{"taxonomy":"post_tag","embeddable":true,"href":"https:\/\/migracao.redenoticia.com.br\/noticia\/wp-json\/wp\/v2\/tags?post=194599"}],"curies":[{"name":"wp","href":"https:\/\/api.w.org\/{rel}","templated":true}]}}