{"id":194602,"date":"2020-06-22T12:08:58","date_gmt":"2020-06-22T15:08:58","guid":{"rendered":"https:\/\/www.redenoticia.com.br\/noticia\/?p=194602"},"modified":"2020-06-22T12:08:58","modified_gmt":"2020-06-22T15:08:58","slug":"resumo-novela-o-que-a-vida-me-roubou-23-06-rosario-conta-sua-historia-para-alessandro-e-montserrat","status":"publish","type":"post","link":"https:\/\/migracao.redenoticia.com.br\/noticia\/2020\/resumo-novela-o-que-a-vida-me-roubou-23-06-rosario-conta-sua-historia-para-alessandro-e-montserrat\/194602","title":{"rendered":"Resumo novela \u201cO Que A Vida Me Roubou\u201d 23\/06: Ros\u00e1rio conta sua hist\u00f3ria para Alessandro e Montserrat"},"content":{"rendered":"<p><img loading=\"lazy\" decoding=\"async\" src=\"https:\/\/migracao.redenoticia.com.br\/noticia\/imagens\/o-que-a-vida-me-roubou-elenco-361x300.jpg\" alt=\"\" width=\"361\" height=\"300\" class=\"aligncenter size-large wp-image-191122\" srcset=\"https:\/\/migracao.redenoticia.com.br\/noticia\/imagens\/o-que-a-vida-me-roubou-elenco-361x300.jpg 361w, https:\/\/migracao.redenoticia.com.br\/noticia\/imagens\/o-que-a-vida-me-roubou-elenco-225x187.jpg 225w, https:\/\/migracao.redenoticia.com.br\/noticia\/imagens\/o-que-a-vida-me-roubou-elenco-168x140.jpg 168w, https:\/\/migracao.redenoticia.com.br\/noticia\/imagens\/o-que-a-vida-me-roubou-elenco-102x85.jpg 102w, https:\/\/migracao.redenoticia.com.br\/noticia\/imagens\/o-que-a-vida-me-roubou-elenco.jpg 693w\" sizes=\"auto, (max-width: 361px) 100vw, 361px\" \/><\/p>\n<p><strong><em>Resumo da novela \u201cO Que A Vida Me Roubou\u201d<\/em><\/strong> em 23\/06: no cap\u00edtulo 047(*) da novela, ter\u00e7a-feira, 23 de junho, Carlota telefona para Ezequiel para pedir ajuda, pois Maria tentou roubar Laurinho dela e a golpeou na cabe\u00e7a. Maria chega \u00e0 fazenda, C\u00e9lia a recebe e diz que Esmeralda tamb\u00e9m chegou para passar uns dias por l\u00e1. Montserrat e Alessandro falam do batizado de seu filho e sobre renovar seus votos. Montserrat se entristece ao lembrar de como seu pai morreu. Alessandro a consola e pede perd\u00e3o, pois se sente culpado do ocorrido. Montserrat se oferece para ajudar Ros\u00e1rio a arrumar-se. Ang\u00e9lica est\u00e1 na cama descansando, pois est\u00e1 esgotada. Am\u00e9lia pede que ela se cuide bem. Dem\u00e9trio encontra Josefina e Adolfo em um restaurante aos beijos e fica com muito ci\u00fame. Josefina se emociona e prop\u00f5e a Adolfo que sigam causando ci\u00fame em Dem\u00e9trio. Ros\u00e1rio conta a Montserrat e Alessandro como foi que trouxe o filho ao mundo, e os revela que Alessandro \u00e9 fruto de uma viola\u00e7\u00e3o e ela foi v\u00edtima de uma acusa\u00e7\u00e3o da qual era inocente, por\u00e9m depois do nascimento de Alessandro, tirou de seu cora\u00e7\u00e3o todo o rancor e \u00f3dio que ainda nutria por Benjamin Almonte.<\/p>\n<p>Alessandro diz a sua m\u00e3e que a compensar\u00e1 por tanto sofrimento e que se orgulha muito em ser seu filho, pois n\u00e3o deve ter sido f\u00e1cil ter passado 30 anos na pris\u00e3o sem ter culpa alguma. Ros\u00e1rio responde que n\u00e3o foi dif\u00edcil, pois nunca perdeu a esperan\u00e7a de voltar a v\u00ea-lo. Graziela se zanga com Dem\u00e9trio por este ter contado assuntos pessoais a Adolfo. Esmeralda diz a Maria que se est\u00e1 ali \u00e9 porque seguramente Alessandro e Montserrat est\u00e3o juntos, e lhe d\u00e1 muito gosto que eles sejam felizes, pois se merecem. Maria responde que Montserrat a tirou tudo e se encarregar\u00e1 pessoalmente de que ela seja muito infeliz. O padre Anselmo diz a Ros\u00e1rio que gosta muito que ela tenha decido dizer toda a verdade a Alessandro e vivam como m\u00e3e e filho.<\/p>\n<p>Jos\u00e9 Luis diz a Renato que Alessandro e Montserrat assinaram os papeis do div\u00f3rcio, por\u00e9m n\u00e3o deixar\u00e1 Ang\u00e9lica, que esteve sempre a seu lado. Carlota diz a Alessandro e Montserrat que Maria a agrediu e tentou levar o beb\u00ea, mas por sorte o padre Anselmo chegou e a impediu. Graziela diz a Alessandro e Montserrat que eles deveriam aceitar a proposta de Ang\u00e9lica de serem ela e Jos\u00e9 Luis os padrinhos do batizado de Laurinho. Alessandro diz a Montserrat que deveriam aceitar que Jos\u00e9 Luis e Ang\u00e9lica sejam os padrinhos de seu beb\u00ea, pois \u00e9 amiga de Ang\u00e9lica. Jos\u00e9 Luis se surpreende ao ver Montserrat e Alessandro em sua casa, e mais ainda que eles o pedem que juntamente com sua esposa aceitem ser padrinhos de seu filho. Alessandro diz que ap\u00f3s o batizado ele e Montserrat se casar\u00e3o novamente.<\/p>\n<p>(*) edi\u00e7\u00e3o do SBT, Novela \u201cO Que A Vida Me Roubou\u201d, sujeito a altera\u00e7\u00e3o de data e conte\u00fado.<\/p>\n<p>Novela \u201cO Que A Vida Me Roubou\u201d: A hist\u00f3ria se passa em \u00c1gua Azul, onde Montserrat vive. Montserrat \u00e9 uma bela jovem socialite que sempre foi dominada por sua m\u00e3e Graziela, cuja \u00fanica preocupa\u00e7\u00e3o \u00e9 o seu elevado estatuto na sociedade, mesmo que a fam\u00edlia esteja financeiramente arruinada. Montserrat, apesar de fazer tudo o que sua m\u00e3e diz-lhe, secretamente mant\u00e9m um relacionamento com Jos\u00e9 Luis da marinha, com quem planeja se casar.<\/p>\n","protected":false},"excerpt":{"rendered":"<p>Resumo da novela \u201cO Que A Vida Me Roubou\u201d em 23\/06: no cap\u00edtulo 047(*) da novela, ter\u00e7a-feira, 23 de junho, Carlota telefona para Ezequiel para pedir ajuda, pois Maria tentou roubar Laurinho dela e a golpeou na cabe\u00e7a. Maria chega \u00e0 fazenda, C\u00e9lia a recebe e diz que Esmeralda tamb\u00e9m chegou para passar uns dias [&hellip;]<\/p>\n","protected":false},"author":4,"featured_media":191123,"comment_status":"closed","ping_status":"closed","sticky":false,"template":"","format":"standard","meta":{"tdm_status":"","tdm_grid_status":"","footnotes":""},"categories":[379,372,343],"tags":[441],"class_list":{"0":"post-194602","1":"post","2":"type-post","3":"status-publish","4":"format-standard","5":"has-post-thumbnail","7":"category-novelas","8":"category-sbt","9":"category-televisao","10":"tag-resumo-do-dia"},"_links":{"self":[{"href":"https:\/\/migracao.redenoticia.com.br\/noticia\/wp-json\/wp\/v2\/posts\/194602","targetHints":{"allow":["GET"]}}],"collection":[{"href":"https:\/\/migracao.redenoticia.com.br\/noticia\/wp-json\/wp\/v2\/posts"}],"about":[{"href":"https:\/\/migracao.redenoticia.com.br\/noticia\/wp-json\/wp\/v2\/types\/post"}],"author":[{"embeddable":true,"href":"https:\/\/migracao.redenoticia.com.br\/noticia\/wp-json\/wp\/v2\/users\/4"}],"replies":[{"embeddable":true,"href":"https:\/\/migracao.redenoticia.com.br\/noticia\/wp-json\/wp\/v2\/comments?post=194602"}],"version-history":[{"count":0,"href":"https:\/\/migracao.redenoticia.com.br\/noticia\/wp-json\/wp\/v2\/posts\/194602\/revisions"}],"wp:featuredmedia":[{"embeddable":true,"href":"https:\/\/migracao.redenoticia.com.br\/noticia\/wp-json\/wp\/v2\/media\/191123"}],"wp:attachment":[{"href":"https:\/\/migracao.redenoticia.com.br\/noticia\/wp-json\/wp\/v2\/media?parent=194602"}],"wp:term":[{"taxonomy":"category","embeddable":true,"href":"https:\/\/migracao.redenoticia.com.br\/noticia\/wp-json\/wp\/v2\/categories?post=194602"},{"taxonomy":"post_tag","embeddable":true,"href":"https:\/\/migracao.redenoticia.com.br\/noticia\/wp-json\/wp\/v2\/tags?post=194602"}],"curies":[{"name":"wp","href":"https:\/\/api.w.org\/{rel}","templated":true}]}}