{"id":194622,"date":"2020-07-26T16:58:55","date_gmt":"2020-07-26T19:58:55","guid":{"rendered":"https:\/\/www.redenoticia.com.br\/noticia\/?p=194622"},"modified":"2020-07-26T19:04:02","modified_gmt":"2020-07-26T22:04:02","slug":"novela-totalmente-demais-veja-como-germano-descobre-que-eliza-e-sua-filha","status":"publish","type":"post","link":"https:\/\/migracao.redenoticia.com.br\/noticia\/2020\/novela-totalmente-demais-veja-como-germano-descobre-que-eliza-e-sua-filha\/194622","title":{"rendered":"Novela &#8220;Totalmente Demais&#8221;: Germano investiga e descobre que \u00e9 pai de Eliza"},"content":{"rendered":"<p><img loading=\"lazy\" decoding=\"async\" src=\"https:\/\/migracao.redenoticia.com.br\/noticia\/imagens\/totalmente-demais-eliza-gilda.jpg\" alt=\"\" width=\"1280\" height=\"720\" class=\"aligncenter size-full wp-image-195877\" srcset=\"https:\/\/migracao.redenoticia.com.br\/noticia\/imagens\/totalmente-demais-eliza-gilda.jpg 1280w, https:\/\/migracao.redenoticia.com.br\/noticia\/imagens\/totalmente-demais-eliza-gilda-250x140.jpg 250w, https:\/\/migracao.redenoticia.com.br\/noticia\/imagens\/totalmente-demais-eliza-gilda-400x225.jpg 400w, https:\/\/migracao.redenoticia.com.br\/noticia\/imagens\/totalmente-demais-eliza-gilda-768x432.jpg 768w, https:\/\/migracao.redenoticia.com.br\/noticia\/imagens\/totalmente-demais-eliza-gilda-150x85.jpg 150w, https:\/\/migracao.redenoticia.com.br\/noticia\/imagens\/totalmente-demais-eliza-gilda-696x392.jpg 696w, https:\/\/migracao.redenoticia.com.br\/noticia\/imagens\/totalmente-demais-eliza-gilda-1068x601.jpg 1068w\" sizes=\"auto, (max-width: 1280px) 100vw, 1280px\" \/><\/p>\n<p>Na <strong><em>Novela &#8220;Totalmente Demais&#8221;<\/em><\/strong>, Gilda (Leona Cavalli) procura Germano (Humberto Martins), o pai biol\u00f3gico de Eliza (Marina Ruy Barbosa), para pedir ajuda financeira, mas n\u00e3o consegue encontr\u00e1-lo. Ao saber que a ex-amante o procurou, o presidente da Bastille fica desconfiado. Em uma das provas do concurso da <strong><em>novela da Globo<\/em><\/strong>, Germano v\u00ea uma foto de Eliza ao lado de Gilda e deduz que possa ser o pai da mo\u00e7a. Dias depois, Germano encontra Gilda e ela diz que a ruivinha \u00e9 filha de um caminhoneiro.<\/p>\n<p>O empres\u00e1rio comenta com Carolina (Juliana Paes): \u201cVoc\u00ea n\u00e3o vai acreditar. Mas eu acho que a Eliza \u00e9 minha filha\u201d. Germano insiste que, se for verdade, a mo\u00e7a n\u00e3o pode ser prejudicada no concurso: \u201cEu era canalha, jovem e, principalmente, burro. E apesar do desejo pela Gilda, acredite ou n\u00e3o, eu amava minha mulher &#8230; Eu sei que eu vou para o inferno, ali\u00e1s j\u00e1 estou nele &#8230; Enfim, quando tudo terminou, a Gilda pediu as contas e sumiu. Nunca mais deu as caras. Como eu ia adivinhar? Se ela estivesse gr\u00e1vida, o normal seria me procurar, acho eu &#8230; Eu quero que voc\u00ea consiga material da Eliza para eu fazer exame de DNA\u201d.<\/p>\n<p>Carolina pega o copo de Eliza, entrega para Germano e diz: \u201cVou arranjar um jeito de voc\u00ea conversar com a Eliza. Quem sabe voc\u00ea descobre se voc\u00eas t\u00eam alguma coisa em comum, algum tra\u00e7o de personalidade, algum sinal, sei l\u00e1! Talvez ela revele algum ato falho da m\u00e3e\u201d.<\/p>\n<p>Durante um jantar, Germano questiona Eliza: \u201cMe fala mais do seu pai. Voc\u00ea n\u00e3o tem nenhuma lembran\u00e7a dele? Nunca viu uma foto?\u201d. Eliza comenta: \u201cN\u00e3o. A \u00fanica coisa que a minha m\u00e3e guardou foi um colar que ele deu para ela\u201d. O empres\u00e1rio se recorda da joia que presenteou Gilda antes de a bab\u00e1 ir embora e se certifica que Eliza \u00e9 sua filha. Cenas previstas para junho e julho na novela \u201cTotalmente Demais\u201d.<\/p>\n","protected":false},"excerpt":{"rendered":"<p>Na Novela &#8220;Totalmente Demais&#8221;, Gilda (Leona Cavalli) procura Germano (Humberto Martins), o pai biol\u00f3gico de Eliza (Marina Ruy Barbosa), para pedir ajuda financeira, mas n\u00e3o consegue encontr\u00e1-lo. Ao saber que a ex-amante o procurou, o presidente da Bastille fica desconfiado. Em uma das provas do concurso da novela da Globo, Germano v\u00ea uma foto de [&hellip;]<\/p>\n","protected":false},"author":2,"featured_media":195875,"comment_status":"closed","ping_status":"closed","sticky":false,"template":"","format":"standard","meta":{"tdm_status":"","tdm_grid_status":"","footnotes":""},"categories":[379,375,343,556],"tags":[440],"class_list":{"0":"post-194622","1":"post","2":"type-post","3":"status-publish","4":"format-standard","5":"has-post-thumbnail","7":"category-novelas","8":"category-rede-globo","9":"category-televisao","10":"category-totalmente-demais","11":"tag-noticia-novela"},"_links":{"self":[{"href":"https:\/\/migracao.redenoticia.com.br\/noticia\/wp-json\/wp\/v2\/posts\/194622","targetHints":{"allow":["GET"]}}],"collection":[{"href":"https:\/\/migracao.redenoticia.com.br\/noticia\/wp-json\/wp\/v2\/posts"}],"about":[{"href":"https:\/\/migracao.redenoticia.com.br\/noticia\/wp-json\/wp\/v2\/types\/post"}],"author":[{"embeddable":true,"href":"https:\/\/migracao.redenoticia.com.br\/noticia\/wp-json\/wp\/v2\/users\/2"}],"replies":[{"embeddable":true,"href":"https:\/\/migracao.redenoticia.com.br\/noticia\/wp-json\/wp\/v2\/comments?post=194622"}],"version-history":[{"count":0,"href":"https:\/\/migracao.redenoticia.com.br\/noticia\/wp-json\/wp\/v2\/posts\/194622\/revisions"}],"wp:featuredmedia":[{"embeddable":true,"href":"https:\/\/migracao.redenoticia.com.br\/noticia\/wp-json\/wp\/v2\/media\/195875"}],"wp:attachment":[{"href":"https:\/\/migracao.redenoticia.com.br\/noticia\/wp-json\/wp\/v2\/media?parent=194622"}],"wp:term":[{"taxonomy":"category","embeddable":true,"href":"https:\/\/migracao.redenoticia.com.br\/noticia\/wp-json\/wp\/v2\/categories?post=194622"},{"taxonomy":"post_tag","embeddable":true,"href":"https:\/\/migracao.redenoticia.com.br\/noticia\/wp-json\/wp\/v2\/tags?post=194622"}],"curies":[{"name":"wp","href":"https:\/\/api.w.org\/{rel}","templated":true}]}}