{"id":1947,"date":"2009-05-24T23:52:22","date_gmt":"2009-05-25T03:52:22","guid":{"rendered":"http:\/\/www.redenoticia.com.br\/noticia\/?p=1947"},"modified":"2009-05-24T23:52:22","modified_gmt":"2009-05-25T03:52:22","slug":"pecuaria-sustentavel-e-discutida-em-ji-parana","status":"publish","type":"post","link":"https:\/\/migracao.redenoticia.com.br\/noticia\/2009\/pecuaria-sustentavel-e-discutida-em-ji-parana\/1947","title":{"rendered":"Pecu\u00e1ria Sustent\u00e1vel \u00e9 discutida em Ji-Paran\u00e1"},"content":{"rendered":"<p class=\"MsoNormal\" style=\"background: #9dd8e5 none repeat scroll 0%; line-height: 15.6pt;\"><span style=\"font-size: 9pt; font-family: Helvetica; color: #333333; display: none;\"> <\/span><\/p>\n<p class=\"MsoNormal\" style=\"margin-bottom: 3.75pt; line-height: 15.6pt;\"><strong><span style=\"font-size: 10.5pt; font-family: Helvetica; color: #333333;\"><\/span><\/strong><span style=\"font-size: 10pt; font-family: Arial; color: black;\"><a href=\"https:\/\/migracao.redenoticia.com.br\/noticia\/imagens\/\/ulbra2.jpg\"><img loading=\"lazy\" decoding=\"async\" class=\"alignleft size-full wp-image-1946\" title=\"ulbra2\" src=\"https:\/\/migracao.redenoticia.com.br\/noticia\/imagens\/\/ulbra2.jpg\" alt=\"ulbra2\" width=\"150\" height=\"113\" \/><\/a>Os alunos dos cursos de Agronomia e Medicina Veterin\u00e1ria do CEULJI\/ULBRA\u00a0participaram de uma palestra sobre o tema: &#8220;Pecu\u00e1ria Sustent\u00e1vel.<\/span><span style=\"font-size: 9pt; font-family: Helvetica; color: #333333;\"><\/span><\/p>\n<p class=\"MsoNormal\" style=\"margin-bottom: 3.75pt; line-height: 15.6pt;\"><span style=\"font-size: 9pt; font-family: Helvetica; color: black;\">Segundo o professor dos cursos de Agronomia e Medicina Veterin\u00e1ria, Ricardo Pedroso Oaigen, respons\u00e1vel pelo evento, a discuss\u00e3o de temas relevantes como este enfatizam a necessidade de uma pecu\u00e1ria competitiva e acima de tudo sustent\u00e1vel (ambientalmente, economicamente e socialmente) dentro do bioma amaz\u00f4nico. \u201cEste atributo \u00e9 valorizado por consumidores de carne bovina em todo o mundo\u201d, destacou o professor<\/span><\/p>\n<p class=\"MsoNormal\" style=\"margin-bottom: 3.75pt; line-height: 15.6pt;\"><span style=\"font-size: 9pt; font-family: Helvetica; color: black;\">Acad\u00eamicos dos dois cursos da Institui\u00e7\u00e3o al\u00e9m de profissionais do setor de agroneg\u00f3cio participaram\u00a0da palestra\u00a0organizada pela Down Agrosciences em parceria com o CEULJI\/ULBRA, garantindo, dessa forma, 70 participantes no evento.<br \/>\n<span> <\/span><\/span><span style=\"font-size: 9pt; font-family: Helvetica; color: #333333;\"><\/span><\/p>\n<p class=\"MsoNormal\" style=\"line-height: 15.6pt;\"><span style=\"font-size: 8.5pt; font-family: Helvetica;\">Alexandre Almeida <\/span><span style=\"font-size: 9pt; font-family: Helvetica;\"> <\/span><\/p>\n","protected":false},"excerpt":{"rendered":"<p>Os alunos dos cursos de Agronomia e Medicina Veterin\u00e1ria do CEULJI\/ULBRA\u00a0participaram de uma palestra sobre o tema: &#8220;Pecu\u00e1ria Sustent\u00e1vel. Segundo o professor dos cursos de Agronomia e Medicina Veterin\u00e1ria, Ricardo Pedroso Oaigen, respons\u00e1vel pelo evento, a discuss\u00e3o de temas relevantes como este enfatizam a necessidade de uma pecu\u00e1ria competitiva e acima de tudo sustent\u00e1vel (ambientalmente, [&hellip;]<\/p>\n","protected":false},"author":3,"featured_media":0,"comment_status":"open","ping_status":"open","sticky":false,"template":"","format":"standard","meta":{"tdm_status":"","tdm_grid_status":"","footnotes":""},"categories":[22],"tags":[],"class_list":{"0":"post-1947","1":"post","2":"type-post","3":"status-publish","4":"format-standard","6":"category-brasil"},"_links":{"self":[{"href":"https:\/\/migracao.redenoticia.com.br\/noticia\/wp-json\/wp\/v2\/posts\/1947","targetHints":{"allow":["GET"]}}],"collection":[{"href":"https:\/\/migracao.redenoticia.com.br\/noticia\/wp-json\/wp\/v2\/posts"}],"about":[{"href":"https:\/\/migracao.redenoticia.com.br\/noticia\/wp-json\/wp\/v2\/types\/post"}],"author":[{"embeddable":true,"href":"https:\/\/migracao.redenoticia.com.br\/noticia\/wp-json\/wp\/v2\/users\/3"}],"replies":[{"embeddable":true,"href":"https:\/\/migracao.redenoticia.com.br\/noticia\/wp-json\/wp\/v2\/comments?post=1947"}],"version-history":[{"count":0,"href":"https:\/\/migracao.redenoticia.com.br\/noticia\/wp-json\/wp\/v2\/posts\/1947\/revisions"}],"wp:attachment":[{"href":"https:\/\/migracao.redenoticia.com.br\/noticia\/wp-json\/wp\/v2\/media?parent=1947"}],"wp:term":[{"taxonomy":"category","embeddable":true,"href":"https:\/\/migracao.redenoticia.com.br\/noticia\/wp-json\/wp\/v2\/categories?post=1947"},{"taxonomy":"post_tag","embeddable":true,"href":"https:\/\/migracao.redenoticia.com.br\/noticia\/wp-json\/wp\/v2\/tags?post=1947"}],"curies":[{"name":"wp","href":"https:\/\/api.w.org\/{rel}","templated":true}]}}