{"id":19475,"date":"2009-12-07T11:36:50","date_gmt":"2009-12-07T15:36:50","guid":{"rendered":"http:\/\/www.redenoticia.com.br\/noticia\/?p=19475"},"modified":"2009-12-16T13:56:56","modified_gmt":"2009-12-16T17:56:56","slug":"cursos-master-da-eesp-fgv-estao-com-inscricoes-abertas-ate-15-de-dezembro","status":"publish","type":"post","link":"https:\/\/migracao.redenoticia.com.br\/noticia\/2009\/cursos-master-da-eesp-fgv-estao-com-inscricoes-abertas-ate-15-de-dezembro\/19475","title":{"rendered":"Cursos Master da EESP-FGV est\u00e3o com inscri\u00e7\u00f5es abertas at\u00e9 15 de dezembro"},"content":{"rendered":"<p>A Escola de Economia de S\u00e3o Paulo da Funda\u00e7\u00e3o Getulio Vargas est\u00e1 com inscri\u00e7\u00f5es abertas para tr\u00eas cursos Master na \u00e1rea econ\u00f4mica at\u00e9 15 de dezembro.\u00a0S\u00e3o eles:\u00a0\u00a0<strong>Master in Financial Modelling, Master in Business Economics <\/strong>e<strong> <\/strong><strong>Master in Business Economics.<\/strong><\/p>\n<p><strong> <\/strong>A novidade fica por conta do\u00a0<strong>Master in Financial Modelling,<\/strong><strong> <\/strong>que<strong> <\/strong>visa capacitar profissionais da \u00e1rea financeira que atuam ou desejam trabalhar neste mercado e que almejam desenvolver habilidades essenciais para apre\u00e7amento de ativos e gerenciamento de risco.<\/p>\n<p>Os cursos t\u00eam carga-hor\u00e1ria m\u00ednima de 432 horas-aula, com aulas \u00e0 noite, duas vezes por semana. O processo seletivo consistir\u00e1 em avalia\u00e7\u00e3o de curr\u00edculo do candidato e entrevista. As inscri\u00e7\u00f5es devem ser feitas atrav\u00e9s do site\u00a0<a href=\"http:\/\/www.fgv.br\/eesp\/vestibulares\" target=\"_blank\">www.fgv.br\/eesp\/vestibulares<\/a>.<\/p>\n<p>Mais informa\u00e7\u00f5es:\u00a0<a href=\"http:\/\/www.fgv.br\/eesp\/cursos\" target=\"_blank\">http:\/\/www.fgv.br\/eesp\/cursos<\/a><\/p>\n","protected":false},"excerpt":{"rendered":"<p>A Escola de Economia de S\u00e3o Paulo da Funda\u00e7\u00e3o Getulio Vargas est\u00e1 com inscri\u00e7\u00f5es abertas para tr\u00eas cursos Master na \u00e1rea econ\u00f4mica at\u00e9 15 de dezembro.\u00a0S\u00e3o eles:\u00a0\u00a0Master in Financial Modelling, Master in Business Economics e Master in Business Economics. A novidade fica por conta do\u00a0Master in Financial Modelling, que visa capacitar profissionais da \u00e1rea financeira [&hellip;]<\/p>\n","protected":false},"author":2,"featured_media":0,"comment_status":"open","ping_status":"open","sticky":false,"template":"","format":"standard","meta":{"tdm_status":"","tdm_grid_status":"","footnotes":""},"categories":[370],"tags":[],"class_list":{"0":"post-19475","1":"post","2":"type-post","3":"status-publish","4":"format-standard","6":"category-inscricao"},"_links":{"self":[{"href":"https:\/\/migracao.redenoticia.com.br\/noticia\/wp-json\/wp\/v2\/posts\/19475","targetHints":{"allow":["GET"]}}],"collection":[{"href":"https:\/\/migracao.redenoticia.com.br\/noticia\/wp-json\/wp\/v2\/posts"}],"about":[{"href":"https:\/\/migracao.redenoticia.com.br\/noticia\/wp-json\/wp\/v2\/types\/post"}],"author":[{"embeddable":true,"href":"https:\/\/migracao.redenoticia.com.br\/noticia\/wp-json\/wp\/v2\/users\/2"}],"replies":[{"embeddable":true,"href":"https:\/\/migracao.redenoticia.com.br\/noticia\/wp-json\/wp\/v2\/comments?post=19475"}],"version-history":[{"count":0,"href":"https:\/\/migracao.redenoticia.com.br\/noticia\/wp-json\/wp\/v2\/posts\/19475\/revisions"}],"wp:attachment":[{"href":"https:\/\/migracao.redenoticia.com.br\/noticia\/wp-json\/wp\/v2\/media?parent=19475"}],"wp:term":[{"taxonomy":"category","embeddable":true,"href":"https:\/\/migracao.redenoticia.com.br\/noticia\/wp-json\/wp\/v2\/categories?post=19475"},{"taxonomy":"post_tag","embeddable":true,"href":"https:\/\/migracao.redenoticia.com.br\/noticia\/wp-json\/wp\/v2\/tags?post=19475"}],"curies":[{"name":"wp","href":"https:\/\/api.w.org\/{rel}","templated":true}]}}