{"id":194884,"date":"2020-06-28T04:40:22","date_gmt":"2020-06-28T07:40:22","guid":{"rendered":"https:\/\/www.redenoticia.com.br\/noticia\/?p=194884"},"modified":"2020-06-27T20:29:14","modified_gmt":"2020-06-27T23:29:14","slug":"resumo-da-novela-poliana-de-segunda-29-06-gloria-questiona-pendleton","status":"publish","type":"post","link":"https:\/\/migracao.redenoticia.com.br\/noticia\/2020\/resumo-da-novela-poliana-de-segunda-29-06-gloria-questiona-pendleton\/194884","title":{"rendered":"Resumo da novela \u201cPoliana\u201d de segunda, 29\/06: Gl\u00f3ria questiona Pendleton"},"content":{"rendered":"<p> <img loading=\"lazy\" decoding=\"async\" class=\"aligncenter size-large wp-image-148662\" src=\"https:\/\/migracao.redenoticia.com.br\/noticia\/imagens\/as-aventuras-de-poliana-novela-400x267.jpg\" alt=\"\" width=\"400\" height=\"267\" srcset=\"https:\/\/migracao.redenoticia.com.br\/noticia\/imagens\/as-aventuras-de-poliana-novela-400x267.jpg 400w, https:\/\/migracao.redenoticia.com.br\/noticia\/imagens\/as-aventuras-de-poliana-novela-250x167.jpg 250w, https:\/\/migracao.redenoticia.com.br\/noticia\/imagens\/as-aventuras-de-poliana-novela-150x100.jpg 150w, https:\/\/migracao.redenoticia.com.br\/noticia\/imagens\/as-aventuras-de-poliana-novela.jpg 600w\" sizes=\"auto, (max-width: 400px) 100vw, 400px\" \/><\/p>\n<p><strong><em>Resumo \u201cAs Aventuras de Poliana\u201d de segunda, 29\/06<\/em><\/strong>: no cap\u00edtulo 556(*) da novela, segunda-feira, 29 de junho, os pais de Hugo v\u00e3o viajar, e o menino fica novamente na casa do tio Afonso. A not\u00edcia sobre a pris\u00e3o de Waldisney se espalha, e Jeff diz \u00e0 m\u00e3e que j\u00e1 sabia que Waldisney era o Rato. A pol\u00edcia intima Violeta para um interrogat\u00f3rio. Gl\u00f3ria pergunta se Pendleton roubou as j\u00f3ias da fam\u00edlia da m\u00e3e de Lu\u00edsa para conseguir a guarda de Poliana.<\/p>\n<p>Filipa tem dificuldades para aceitar a situa\u00e7\u00e3o com seu pai. Arlete desconfia que tenha visto Roger andando na comunidade. Jo\u00e3o tem uma ideia brilhante para animar Poliana e, com a ajuda dos amigos e professores da Ruth Goulart, lan\u00e7a uma campanha para enaltecer o Jogo do Contente.<\/p>\n<p>(*) edi\u00e7\u00e3o do SBT, Novela \u201cAs Aventuras de Poliana\u201d, sujeito a altera\u00e7\u00e3o de data e conte\u00fado.<\/p>\n<p>\u201cAs Aventuras de Poliana\u201d &#8211; Poliana \u00e9 uma menina extrovertida e de bom cora\u00e7\u00e3o que viajava o Brasil com seus pais, Lorenzo e Alice, no grupo circense Trupe Vagalume. Aos onze anos a garota v\u00ea seu mundo desabar quando seus pais falecem e ela tem que ir morar em S\u00e3o Paulo com sua tia Lu\u00edsa, uma mulher rica e severa, a qual ela n\u00e3o conhecia e que n\u00e3o queria cuidar dela, embora sinta que \u00e9 sua obriga\u00e7\u00e3o pela alma de sua irm\u00e3.<\/p>\n<p>Apesar do jeito da rigidez da tia, Poliana decide ter uma vis\u00e3o positiva e inabal\u00e1vel da vida, mesmo nos momentos de dificuldade, tentando levar um pouco de felicidade para a vida de cada um dos seus novos amigos e vizinhos, como o Sr. Pendleton, um homem rico e infeliz por nunca ter tido filhos. Ela vai estudar no col\u00e9gio de Ruth, uma diretora de bom cora\u00e7\u00e3o que a ajuda a se adaptar, mas tem que lidar com as vilanias de Mirela, garota mais velha que n\u00e3o aceita perder a popularidade para uma novata.<\/p>\n","protected":false},"excerpt":{"rendered":"<p>Resumo \u201cAs Aventuras de Poliana\u201d de segunda, 29\/06: no cap\u00edtulo 556(*) da novela, segunda-feira, 29 de junho, os pais de Hugo v\u00e3o viajar, e o menino fica novamente na casa do tio Afonso. A not\u00edcia sobre a pris\u00e3o de Waldisney se espalha, e Jeff diz \u00e0 m\u00e3e que j\u00e1 sabia que Waldisney era o Rato. [&hellip;]<\/p>\n","protected":false},"author":2,"featured_media":148663,"comment_status":"closed","ping_status":"closed","sticky":false,"template":"","format":"standard","meta":{"tdm_status":"","tdm_grid_status":"","footnotes":""},"categories":[477,379,2025,372,343],"tags":[441],"class_list":{"0":"post-194884","1":"post","2":"type-post","3":"status-publish","4":"format-standard","5":"has-post-thumbnail","7":"category-as-aventuras-de-poliana","8":"category-novelas","9":"category-resumo","10":"category-sbt","11":"category-televisao","12":"tag-resumo-do-dia"},"_links":{"self":[{"href":"https:\/\/migracao.redenoticia.com.br\/noticia\/wp-json\/wp\/v2\/posts\/194884","targetHints":{"allow":["GET"]}}],"collection":[{"href":"https:\/\/migracao.redenoticia.com.br\/noticia\/wp-json\/wp\/v2\/posts"}],"about":[{"href":"https:\/\/migracao.redenoticia.com.br\/noticia\/wp-json\/wp\/v2\/types\/post"}],"author":[{"embeddable":true,"href":"https:\/\/migracao.redenoticia.com.br\/noticia\/wp-json\/wp\/v2\/users\/2"}],"replies":[{"embeddable":true,"href":"https:\/\/migracao.redenoticia.com.br\/noticia\/wp-json\/wp\/v2\/comments?post=194884"}],"version-history":[{"count":0,"href":"https:\/\/migracao.redenoticia.com.br\/noticia\/wp-json\/wp\/v2\/posts\/194884\/revisions"}],"wp:featuredmedia":[{"embeddable":true,"href":"https:\/\/migracao.redenoticia.com.br\/noticia\/wp-json\/wp\/v2\/media\/148663"}],"wp:attachment":[{"href":"https:\/\/migracao.redenoticia.com.br\/noticia\/wp-json\/wp\/v2\/media?parent=194884"}],"wp:term":[{"taxonomy":"category","embeddable":true,"href":"https:\/\/migracao.redenoticia.com.br\/noticia\/wp-json\/wp\/v2\/categories?post=194884"},{"taxonomy":"post_tag","embeddable":true,"href":"https:\/\/migracao.redenoticia.com.br\/noticia\/wp-json\/wp\/v2\/tags?post=194884"}],"curies":[{"name":"wp","href":"https:\/\/api.w.org\/{rel}","templated":true}]}}