{"id":194885,"date":"2020-06-28T04:39:33","date_gmt":"2020-06-28T07:39:33","guid":{"rendered":"https:\/\/www.redenoticia.com.br\/noticia\/?p=194885"},"modified":"2020-06-27T19:42:14","modified_gmt":"2020-06-27T22:42:14","slug":"resumo-novela-o-que-a-vida-me-roubou-29-06-fabiola-chega-a-casa-de-alessandro","status":"publish","type":"post","link":"https:\/\/migracao.redenoticia.com.br\/noticia\/2020\/resumo-novela-o-que-a-vida-me-roubou-29-06-fabiola-chega-a-casa-de-alessandro\/194885","title":{"rendered":"Resumo novela \u201cO Que A Vida Me Roubou\u201d 29\/06: Fab\u00edola chega a casa de Alessandro"},"content":{"rendered":"<p> <img loading=\"lazy\" decoding=\"async\" class=\"aligncenter size-large wp-image-191122\" src=\"https:\/\/migracao.redenoticia.com.br\/noticia\/imagens\/o-que-a-vida-me-roubou-elenco-361x300.jpg\" alt=\"\" width=\"361\" height=\"300\" srcset=\"https:\/\/migracao.redenoticia.com.br\/noticia\/imagens\/o-que-a-vida-me-roubou-elenco-361x300.jpg 361w, https:\/\/migracao.redenoticia.com.br\/noticia\/imagens\/o-que-a-vida-me-roubou-elenco-225x187.jpg 225w, https:\/\/migracao.redenoticia.com.br\/noticia\/imagens\/o-que-a-vida-me-roubou-elenco-168x140.jpg 168w, https:\/\/migracao.redenoticia.com.br\/noticia\/imagens\/o-que-a-vida-me-roubou-elenco-102x85.jpg 102w, https:\/\/migracao.redenoticia.com.br\/noticia\/imagens\/o-que-a-vida-me-roubou-elenco.jpg 693w\" sizes=\"auto, (max-width: 361px) 100vw, 361px\" \/><\/p>\n<p><strong><em>Resumo da novela \u201cO Que A Vida Me Roubou\u201d<\/em><\/strong> em 29\/06: no cap\u00edtulo 051(*) da novela, segunda-feira, 29 de junho, Jos\u00e9 Lu\u00eds diz a Alessandro para ser sincero. Alessandro diz que \u00e9 inocente e que, se Jos\u00e9 Lu\u00eds acreditar nisso, impedir\u00e1 que uma injusti\u00e7a aconte\u00e7a com ele. Jos\u00e9 Lu\u00eds responde que sabe que ele n\u00e3o \u00e9 esse tipo de pessoa, ent\u00e3o, tentar\u00e1 n\u00e3o permitir que isso aconte\u00e7a com ele. Alessandro diz que mesmo sendo dif\u00edcil, nada nem ningu\u00e9m vai separ\u00e1-lo de Montserrat e seu filho. Dem\u00e9trio diz a sua m\u00e3e que Josefina ficar\u00e1 com ele enquanto se reconcilia com seu irm\u00e3o. Graziela responde que n\u00e3o permitir\u00e1, ent\u00e3o Dem\u00e9trio diz que aquela tamb\u00e9m \u00e9 sua casa. Jos\u00e9 Lu\u00eds diz a Alessandro que Joaquim confessou que ambos estavam em comum acordo para assassin\u00e1-lo. Alessandro desmente a hist\u00f3ria.<\/p>\n<p>O capit\u00e3o Robledo diz a Joaquim que n\u00e3o acredita que Alessandro seja seu \u00fanico s\u00f3cio. Dem\u00e9trio diz a sua m\u00e3e que se ela n\u00e3o tratar bem Josefina, ele confessar\u00e1 um de seus segredos a Alessandro. Graziela, chorando, diz que o filho acaba de destruir seu cora\u00e7\u00e3o. Alessandro diz ao capit\u00e3o Robledo que eles deveriam investigar a Pedro tamb\u00e9m. O advogado Cervera, Alessandro e Dem\u00e9trio se disp\u00f5em a abrir o envelope com o exame de DNA para saber se Dem\u00e9trio \u00e9 filho de Benjamin Almonte. Pedro chega e diz que \u00e9 o advogado de Dem\u00e9trio. Cervera diz que o exame deu positivo, mas \u00e9 imposs\u00edvel que a amostra seja de Dem\u00e9trio. Alessandro, furioso, diz que tentaram faz\u00ea-lo de bobo. Dem\u00e9trio acusa Graziela de t\u00ea-lo enganado com o exame de DNA. Dem\u00e9trio diz a Josefina que n\u00e3o suporta sua m\u00e3e, assim o melhor \u00e9 que partam.<\/p>\n<p>Josefina pergunta onde ir\u00e3o viver e alerta ao esposo que ele precisa trabalhar. Ros\u00e1rio diz a Alessandro que chegou uma mulher procurando por seu pai e dizendo ser sua sobrinha. Montserrat diz que sup\u00f5e que Benjamin n\u00e3o tinha parentes, por isso Alessandro herdou tudo. Alessandro responde que n\u00e3o tinha conhecimento dessa sobrinha. Alessandro diz a Fab\u00edola que seu pai morreu. Ela se surpreende e diz que n\u00e3o sabia que seu tio tinha um filho, pois ele jamais lhe disse nada. Am\u00e9lia diz a Mac\u00e1rio que Benjamin levou a filha de Graziela para os Estados Unidos, a deixou com sua irm\u00e3, e pediu que ela e seu esposo a criassem como se fosse deles. Am\u00e9lia ainda diz que ningu\u00e9m sabe que essa menina existe, al\u00e9m de Graziela. Fab\u00edola diz a Alessandro querer ver o testamento de seu tio, pois ele j\u00e1 havia a confessado que tudo que tinha seria para ela. Alessandro responde que seu pai sempre o renegou, mas antes de morrer, por meio do padre Anselmo, Benjamin o reconheceu como filho.<\/p>\n<p>(*) edi\u00e7\u00e3o do SBT, Novela \u201cO Que A Vida Me Roubou\u201d, sujeito a altera\u00e7\u00e3o de data e conte\u00fado.<\/p>\n<p>Novela \u201cO Que A Vida Me Roubou\u201d: A hist\u00f3ria se passa em \u00c1gua Azul, onde Montserrat vive. Montserrat \u00e9 uma bela jovem socialite que sempre foi dominada por sua m\u00e3e Graziela, cuja \u00fanica preocupa\u00e7\u00e3o \u00e9 o seu elevado estatuto na sociedade, mesmo que a fam\u00edlia esteja financeiramente arruinada. Montserrat, apesar de fazer tudo o que sua m\u00e3e diz-lhe, secretamente mant\u00e9m um relacionamento com Jos\u00e9 Luis da marinha, com quem planeja se casar.<\/p>\n","protected":false},"excerpt":{"rendered":"<p>Resumo da novela \u201cO Que A Vida Me Roubou\u201d em 29\/06: no cap\u00edtulo 051(*) da novela, segunda-feira, 29 de junho, Jos\u00e9 Lu\u00eds diz a Alessandro para ser sincero. Alessandro diz que \u00e9 inocente e que, se Jos\u00e9 Lu\u00eds acreditar nisso, impedir\u00e1 que uma injusti\u00e7a aconte\u00e7a com ele. Jos\u00e9 Lu\u00eds responde que sabe que ele n\u00e3o [&hellip;]<\/p>\n","protected":false},"author":2,"featured_media":191123,"comment_status":"closed","ping_status":"closed","sticky":false,"template":"","format":"standard","meta":{"tdm_status":"","tdm_grid_status":"","footnotes":""},"categories":[379,2025,372,343],"tags":[441],"class_list":{"0":"post-194885","1":"post","2":"type-post","3":"status-publish","4":"format-standard","5":"has-post-thumbnail","7":"category-novelas","8":"category-resumo","9":"category-sbt","10":"category-televisao","11":"tag-resumo-do-dia"},"_links":{"self":[{"href":"https:\/\/migracao.redenoticia.com.br\/noticia\/wp-json\/wp\/v2\/posts\/194885","targetHints":{"allow":["GET"]}}],"collection":[{"href":"https:\/\/migracao.redenoticia.com.br\/noticia\/wp-json\/wp\/v2\/posts"}],"about":[{"href":"https:\/\/migracao.redenoticia.com.br\/noticia\/wp-json\/wp\/v2\/types\/post"}],"author":[{"embeddable":true,"href":"https:\/\/migracao.redenoticia.com.br\/noticia\/wp-json\/wp\/v2\/users\/2"}],"replies":[{"embeddable":true,"href":"https:\/\/migracao.redenoticia.com.br\/noticia\/wp-json\/wp\/v2\/comments?post=194885"}],"version-history":[{"count":0,"href":"https:\/\/migracao.redenoticia.com.br\/noticia\/wp-json\/wp\/v2\/posts\/194885\/revisions"}],"wp:featuredmedia":[{"embeddable":true,"href":"https:\/\/migracao.redenoticia.com.br\/noticia\/wp-json\/wp\/v2\/media\/191123"}],"wp:attachment":[{"href":"https:\/\/migracao.redenoticia.com.br\/noticia\/wp-json\/wp\/v2\/media?parent=194885"}],"wp:term":[{"taxonomy":"category","embeddable":true,"href":"https:\/\/migracao.redenoticia.com.br\/noticia\/wp-json\/wp\/v2\/categories?post=194885"},{"taxonomy":"post_tag","embeddable":true,"href":"https:\/\/migracao.redenoticia.com.br\/noticia\/wp-json\/wp\/v2\/tags?post=194885"}],"curies":[{"name":"wp","href":"https:\/\/api.w.org\/{rel}","templated":true}]}}