{"id":1949,"date":"2009-05-24T23:00:16","date_gmt":"2009-05-25T03:00:16","guid":{"rendered":"http:\/\/www.redenoticia.com.br\/noticia\/?p=1949"},"modified":"2009-05-24T23:00:16","modified_gmt":"2009-05-25T03:00:16","slug":"ji-parana-tera-a-semana-academica-de-direito","status":"publish","type":"post","link":"https:\/\/migracao.redenoticia.com.br\/noticia\/2009\/ji-parana-tera-a-semana-academica-de-direito\/1949","title":{"rendered":"Ji-Paran\u00e1 ter\u00e1 a Semana Acad\u00eamica de Direito"},"content":{"rendered":"<p class=\"MsoNormal\" style=\"background: #9dd8e5 none repeat scroll 0%; line-height: 15.6pt;\"><span style=\"font-size: 9pt; font-family: Helvetica; color: #333333; display: none;\"> <\/span><\/p>\n<p class=\"MsoNormal\" style=\"margin-bottom: 3.75pt; line-height: 15.6pt;\"><span style=\"font-size: 10pt; font-family: Arial; color: black;\"><a href=\"https:\/\/migracao.redenoticia.com.br\/noticia\/imagens\/\/ulbra3.jpg\"><img loading=\"lazy\" decoding=\"async\" class=\"alignleft size-full wp-image-1948\" title=\"ulbra3\" src=\"https:\/\/migracao.redenoticia.com.br\/noticia\/imagens\/\/ulbra3.jpg\" alt=\"ulbra3\" width=\"150\" height=\"113\" \/><\/a>O curso de Direito do CEULJI\/ULBRA\u00a0realizar\u00e1 nos dias 27 e 28 de maio a Semana Acad\u00eamica do curso, onde ser\u00e3o apresentados artigos cient\u00edficos, confer\u00eancias noturnas al\u00e9m da participa\u00e7\u00e3o nas comunica\u00e7\u00f5es.<\/span><span style=\"font-size: 9pt; font-family: Helvetica; color: #333333;\"><\/span><\/p>\n<p class=\"MsoNormal\" style=\"margin-bottom: 3.75pt; line-height: 15.6pt;\"><span style=\"font-size: 10pt; font-family: Arial; color: black;\">Ao longo do evento, tamb\u00e9m ser\u00e3o oferecidas palestas aos participantes. Na pr\u00f3xima quarta-feira (27), \u00e0s 22h15, o Juiz de Direito, Dr. Fl\u00e1vio Henrique de Melo, abordar\u00e1 o tema: \u201cDireito Processual Hodierno\u201d. J\u00e1 na quinta-feira (28), \u00e0s 19h15, o renomado jurista Rog\u00e9rio Greco ministrar\u00e1 uma palestra sobre \u201cDireito Penal na Atualidade\u201d.<\/p>\n<p>Durante o evento,\u00a0a\u00a0Coordena\u00e7\u00e3o de P\u00f3s-Gradua\u00e7\u00e3o, Pesquisa e Extens\u00e3o\u00a0realizar\u00e1\u00a0VIII Sal\u00e3o de Inicia\u00e7\u00e3o Cient\u00edfica do CEULJI\/ULBRA com exposi\u00e7\u00e3o de resumos e p\u00f4steres.<\/p>\n<p>As inscri\u00e7\u00f5es para o evento est\u00e3o abertas e podem ser realizadas na Sala 19 do Pr\u00e9dio B do CEULJI\/ULBRA.<\/p>\n<p>Mais informa\u00e7\u00f5es entrar em contato atrav\u00e9s do telefone: <\/span><strong><span style=\"font-size: 10pt; font-family: Arial; color: black;\">(69) 3416-3150<\/span><\/strong><span style=\"font-size: 10pt; font-family: Arial; color: black;\"> ou <\/span><strong><span style=\"font-size: 10pt; font-family: Arial; color: black;\">(69) 3416-3139<\/span><\/strong><span style=\"font-size: 10pt; font-family: Arial; color: black;\">.<\/span><\/p>\n<p class=\"MsoNormal\" style=\"line-height: 15.6pt;\"><span style=\"font-size: 8.5pt; font-family: Helvetica;\">Alexandre Almeida <\/span><span style=\"font-size: 9pt; font-family: Helvetica;\"> <\/span><\/p>\n","protected":false},"excerpt":{"rendered":"<p>O curso de Direito do CEULJI\/ULBRA\u00a0realizar\u00e1 nos dias 27 e 28 de maio a Semana Acad\u00eamica do curso, onde ser\u00e3o apresentados artigos cient\u00edficos, confer\u00eancias noturnas al\u00e9m da participa\u00e7\u00e3o nas comunica\u00e7\u00f5es. Ao longo do evento, tamb\u00e9m ser\u00e3o oferecidas palestas aos participantes. Na pr\u00f3xima quarta-feira (27), \u00e0s 22h15, o Juiz de Direito, Dr. Fl\u00e1vio Henrique de Melo, [&hellip;]<\/p>\n","protected":false},"author":3,"featured_media":0,"comment_status":"open","ping_status":"open","sticky":false,"template":"","format":"standard","meta":{"tdm_status":"","tdm_grid_status":"","footnotes":""},"categories":[22],"tags":[],"class_list":{"0":"post-1949","1":"post","2":"type-post","3":"status-publish","4":"format-standard","6":"category-brasil"},"_links":{"self":[{"href":"https:\/\/migracao.redenoticia.com.br\/noticia\/wp-json\/wp\/v2\/posts\/1949","targetHints":{"allow":["GET"]}}],"collection":[{"href":"https:\/\/migracao.redenoticia.com.br\/noticia\/wp-json\/wp\/v2\/posts"}],"about":[{"href":"https:\/\/migracao.redenoticia.com.br\/noticia\/wp-json\/wp\/v2\/types\/post"}],"author":[{"embeddable":true,"href":"https:\/\/migracao.redenoticia.com.br\/noticia\/wp-json\/wp\/v2\/users\/3"}],"replies":[{"embeddable":true,"href":"https:\/\/migracao.redenoticia.com.br\/noticia\/wp-json\/wp\/v2\/comments?post=1949"}],"version-history":[{"count":0,"href":"https:\/\/migracao.redenoticia.com.br\/noticia\/wp-json\/wp\/v2\/posts\/1949\/revisions"}],"wp:attachment":[{"href":"https:\/\/migracao.redenoticia.com.br\/noticia\/wp-json\/wp\/v2\/media?parent=1949"}],"wp:term":[{"taxonomy":"category","embeddable":true,"href":"https:\/\/migracao.redenoticia.com.br\/noticia\/wp-json\/wp\/v2\/categories?post=1949"},{"taxonomy":"post_tag","embeddable":true,"href":"https:\/\/migracao.redenoticia.com.br\/noticia\/wp-json\/wp\/v2\/tags?post=1949"}],"curies":[{"name":"wp","href":"https:\/\/api.w.org\/{rel}","templated":true}]}}