{"id":194972,"date":"2020-07-23T16:27:11","date_gmt":"2020-07-23T19:27:11","guid":{"rendered":"https:\/\/www.redenoticia.com.br\/noticia\/?p=194972"},"modified":"2020-07-23T19:59:05","modified_gmt":"2020-07-23T22:59:05","slug":"novela-eta-mundo-bom-sandra-expulsa-anastacia-e-candinho-da-mansao","status":"publish","type":"post","link":"https:\/\/migracao.redenoticia.com.br\/noticia\/2020\/novela-eta-mundo-bom-sandra-expulsa-anastacia-e-candinho-da-mansao\/194972","title":{"rendered":"Novela &#8220;Eta Mundo Bom&#8221;: Sandra expulsa Candinho da mans\u00e3o"},"content":{"rendered":"<p><img loading=\"lazy\" decoding=\"async\" src=\"https:\/\/migracao.redenoticia.com.br\/noticia\/imagens\/eta-mundo-bom-resumo-celso-maria-candinho-anastacia.jpg\" alt=\"\" width=\"1280\" height=\"720\" class=\"aligncenter size-full wp-image-195892\" srcset=\"https:\/\/migracao.redenoticia.com.br\/noticia\/imagens\/eta-mundo-bom-resumo-celso-maria-candinho-anastacia.jpg 1280w, https:\/\/migracao.redenoticia.com.br\/noticia\/imagens\/eta-mundo-bom-resumo-celso-maria-candinho-anastacia-250x140.jpg 250w, https:\/\/migracao.redenoticia.com.br\/noticia\/imagens\/eta-mundo-bom-resumo-celso-maria-candinho-anastacia-400x225.jpg 400w, https:\/\/migracao.redenoticia.com.br\/noticia\/imagens\/eta-mundo-bom-resumo-celso-maria-candinho-anastacia-768x432.jpg 768w, https:\/\/migracao.redenoticia.com.br\/noticia\/imagens\/eta-mundo-bom-resumo-celso-maria-candinho-anastacia-150x85.jpg 150w, https:\/\/migracao.redenoticia.com.br\/noticia\/imagens\/eta-mundo-bom-resumo-celso-maria-candinho-anastacia-696x392.jpg 696w, https:\/\/migracao.redenoticia.com.br\/noticia\/imagens\/eta-mundo-bom-resumo-celso-maria-candinho-anastacia-1068x601.jpg 1068w\" sizes=\"auto, (max-width: 1280px) 100vw, 1280px\" \/><\/p>\n<p>Na novela da Globo <strong><em>&#8220;Eta Mundo Bom&#8221;<\/em><\/strong>, Sandra (Flavia Alessandra) quer a fortuna da tia e marca casamento com Candinho (Sergio Guiz\u00e9), mas \u00e9 abandonada no altar pelo filho de sua tia e decide se vingar. Ela contrata um falsificador para conseguir a assinatura da tia em documentos importantes. Ernesto (Eriberto Le\u00e3o), c\u00famplice de Sandra, d\u00e1 as ordens: \u201cLembre-se. Queremos um trabalho perfeito\u201d. <\/p>\n<p>Logo depois, Anast\u00e1cia (Eliane Giardini) \u00e9 surpreendida por um oficial de justi\u00e7a e policiais na sua porta. Sandra chega com um documento nas m\u00e3os: \u201cEu tenho esse documento em minha posse, titia, que me d\u00e1 direito a tudo que a senhora tem. Inclusive a esta casa e os m\u00f3veis\u201d.<\/p>\n<p>Anast\u00e1cia n\u00e3o entende o que est\u00e1 acontecendo e Candinho resume a situa\u00e7\u00e3o para a m\u00e3e: \u201cM\u00e3e, ela t\u00e1 falandu qui oc\u00ea num tem mais nada\u201d. \u201cPortanto, titia, v\u00e1 fazer suas malas e a desse seu filho caipira que nasceu de ovo choco. Quero que a senhora e Candinho v\u00e3o para o raio que os parta. Est\u00e3o expulsos desta casa!\u201d.<\/p>\n<p>Cenas previstas para julho na novela &#8220;Eta Mundo Bom&#8221;. <\/p>\n<p><a href=\"https:\/\/novelas.redenoticia.com.br\/novela-eta-mundo-bom-resumo-dos-proximos-capitulos\/72393\/\">Resumo &#8220;Eta Mundo Bom&#8221;: pr\u00f3ximos cap\u00edtulos da novela<\/a><\/p>\n<p>Sinopse Novela &#8220;Eta Mundo Bom&#8221;: Ambientada em 1948, a trama conta a hist\u00f3ria de Candinho (S\u00e9rgio Guiz\u00e9), que foi separado da m\u00e3e logo ap\u00f3s seu nascimento e foi acolhido pelo casal Cunegundes (Elizabeth Savalla) e Quinzinho (Ary Fontoura), donos da decadente fazenda Dom Pedro II, perto da cidade fict\u00edcia de Piracema, por volta dos anos 20. O casal, que h\u00e1 tempos tenta um herdeiro sem sucesso, decide ficar com o beb\u00ea. <\/p>\n<p>Mas n\u00e3o demora para Cunegundes finalmente engravidar e ganhar tr\u00eas filhos leg\u00edtimos: Filomena, a Fil\u00f3 (D\u00e9bora Nascimento), Mafalda (Camila Queiroz) e Quincas (Miguel R\u00f4mulo), e o pobre Candinho vai sendo deixado de lado pelos \u201cpais\u201d, mesmo com a prote\u00e7\u00e3o de Eponina (Rosi Campos), irm\u00e3 de Quinzinho, e Manuela (Dhu Moraes), a empregada da fazenda. Um amigo da fam\u00edlia tamb\u00e9m est\u00e1 sempre por perto, apoiando Candinho: Pancr\u00e1cio (Marco Nanini). <\/p>\n","protected":false},"excerpt":{"rendered":"<p>Na novela da Globo &#8220;Eta Mundo Bom&#8221;, Sandra (Flavia Alessandra) quer a fortuna da tia e marca casamento com Candinho (Sergio Guiz\u00e9), mas \u00e9 abandonada no altar pelo filho de sua tia e decide se vingar. Ela contrata um falsificador para conseguir a assinatura da tia em documentos importantes. Ernesto (Eriberto Le\u00e3o), c\u00famplice de Sandra, [&hellip;]<\/p>\n","protected":false},"author":2,"featured_media":195891,"comment_status":"closed","ping_status":"closed","sticky":false,"template":"","format":"standard","meta":{"tdm_status":"","tdm_grid_status":"","footnotes":""},"categories":[558,379,375,343],"tags":[440],"class_list":{"0":"post-194972","1":"post","2":"type-post","3":"status-publish","4":"format-standard","5":"has-post-thumbnail","7":"category-eta-mundo-bom","8":"category-novelas","9":"category-rede-globo","10":"category-televisao","11":"tag-noticia-novela"},"_links":{"self":[{"href":"https:\/\/migracao.redenoticia.com.br\/noticia\/wp-json\/wp\/v2\/posts\/194972","targetHints":{"allow":["GET"]}}],"collection":[{"href":"https:\/\/migracao.redenoticia.com.br\/noticia\/wp-json\/wp\/v2\/posts"}],"about":[{"href":"https:\/\/migracao.redenoticia.com.br\/noticia\/wp-json\/wp\/v2\/types\/post"}],"author":[{"embeddable":true,"href":"https:\/\/migracao.redenoticia.com.br\/noticia\/wp-json\/wp\/v2\/users\/2"}],"replies":[{"embeddable":true,"href":"https:\/\/migracao.redenoticia.com.br\/noticia\/wp-json\/wp\/v2\/comments?post=194972"}],"version-history":[{"count":0,"href":"https:\/\/migracao.redenoticia.com.br\/noticia\/wp-json\/wp\/v2\/posts\/194972\/revisions"}],"wp:featuredmedia":[{"embeddable":true,"href":"https:\/\/migracao.redenoticia.com.br\/noticia\/wp-json\/wp\/v2\/media\/195891"}],"wp:attachment":[{"href":"https:\/\/migracao.redenoticia.com.br\/noticia\/wp-json\/wp\/v2\/media?parent=194972"}],"wp:term":[{"taxonomy":"category","embeddable":true,"href":"https:\/\/migracao.redenoticia.com.br\/noticia\/wp-json\/wp\/v2\/categories?post=194972"},{"taxonomy":"post_tag","embeddable":true,"href":"https:\/\/migracao.redenoticia.com.br\/noticia\/wp-json\/wp\/v2\/tags?post=194972"}],"curies":[{"name":"wp","href":"https:\/\/api.w.org\/{rel}","templated":true}]}}