{"id":195074,"date":"2020-08-30T12:08:23","date_gmt":"2020-08-30T15:08:23","guid":{"rendered":"https:\/\/www.redenoticia.com.br\/noticia\/?p=195074"},"modified":"2020-08-30T13:30:25","modified_gmt":"2020-08-30T16:30:25","slug":"novela-fina-estampa-chiara-morre-no-taxi-de-vilma","status":"publish","type":"post","link":"https:\/\/migracao.redenoticia.com.br\/noticia\/2020\/novela-fina-estampa-chiara-morre-no-taxi-de-vilma\/195074","title":{"rendered":"Novela \u201cFina Estampa\u201d: Chiara morre no t\u00e1xi de Vilma"},"content":{"rendered":"<p><img loading=\"lazy\" decoding=\"async\" src=\"https:\/\/migracao.redenoticia.com.br\/noticia\/imagens\/fina-estampa-juan-leticia.jpg\" alt=\"\" width=\"1280\" height=\"720\" class=\"aligncenter size-full wp-image-195873\" srcset=\"https:\/\/migracao.redenoticia.com.br\/noticia\/imagens\/fina-estampa-juan-leticia.jpg 1280w, https:\/\/migracao.redenoticia.com.br\/noticia\/imagens\/fina-estampa-juan-leticia-250x140.jpg 250w, https:\/\/migracao.redenoticia.com.br\/noticia\/imagens\/fina-estampa-juan-leticia-400x225.jpg 400w, https:\/\/migracao.redenoticia.com.br\/noticia\/imagens\/fina-estampa-juan-leticia-768x432.jpg 768w, https:\/\/migracao.redenoticia.com.br\/noticia\/imagens\/fina-estampa-juan-leticia-150x85.jpg 150w, https:\/\/migracao.redenoticia.com.br\/noticia\/imagens\/fina-estampa-juan-leticia-696x392.jpg 696w, https:\/\/migracao.redenoticia.com.br\/noticia\/imagens\/fina-estampa-juan-leticia-1068x601.jpg 1068w\" sizes=\"auto, (max-width: 1280px) 100vw, 1280px\" \/><\/p>\n<p>Na novela <em><strong>\u201cFina Estampa\u201d<\/strong><\/em>, v\u00e1rios personagens come\u00e7am a desconfiar da doen\u00e7a de Chiara (Helena Ranaldi). Mas o mist\u00e9rio logo acaba quando ela aceita fazer os exames. Juan (Carlos Casagrande) mostra o resultado a Let\u00edcia (Tania Khallil), que liga para Vilma (Arlete Salles): &#8220;M\u00e3e (&#8230;), a essa hora a Chiara j\u00e1 recebeu a not\u00edcia, e&#8230; ela est\u00e1 mesmo doente&#8221;.<\/p>\n<p>Chiara reage mal: &#8221; (&#8230;) agora voc\u00ea tem certeza de que eu n\u00e3o vou ficar por aqui, te perturbando indefinidamente!&#8221;. O empres\u00e1rio revela:&#8221; H\u00e1 muitas chances de voc\u00ea ser operada com \u00eaxito!&#8221;.<\/p>\n<h3>Chiara morre no t\u00e1xi de Vilma, a caminho do hospital<\/h3>\n<p>A ex-mulher de Juan Guilherme se despede de todos para ir ao hospital ser operada. Vilma a leva de t\u00e1xi e pede desculpas por ter desconfiado que Chiara tivesse alguma doen\u00e7a.<\/p>\n<p>Chiara se sente mal e tem uma convuls\u00e3o. Vilma para o carro e pede que ela resista, pois est\u00e3o muito perto do hospital. Vilma, no entanto, nota que a ex-modelo est\u00e1 im\u00f3vel e come\u00e7a a chorar.<\/p>\n<p>Cenas previstas para julho na novela \u201cFina Estampa\u201d.<\/p>\n<p>Sinopse \u201cFina Estampa\u201d: A vi\u00fava Griselda, conhecida como Pereir\u00e3o, trabalha como faz-tudo para sustentar seus tr\u00eas filhos. J\u00e1 Tereza Cristina \u00e9 uma socialite que acredita ter a vida perfeita. Seus destinos se cruzam por acaso e tudo muda quando Griselda fica milion\u00e1ria.<\/p>\n","protected":false},"excerpt":{"rendered":"<p>Na novela \u201cFina Estampa\u201d, v\u00e1rios personagens come\u00e7am a desconfiar da doen\u00e7a de Chiara (Helena Ranaldi). Mas o mist\u00e9rio logo acaba quando ela aceita fazer os exames. Juan (Carlos Casagrande) mostra o resultado a Let\u00edcia (Tania Khallil), que liga para Vilma (Arlete Salles): &#8220;M\u00e3e (&#8230;), a essa hora a Chiara j\u00e1 recebeu a not\u00edcia, e&#8230; ela [&hellip;]<\/p>\n","protected":false},"author":2,"featured_media":195132,"comment_status":"closed","ping_status":"closed","sticky":false,"template":"","format":"standard","meta":{"tdm_status":"","tdm_grid_status":"","footnotes":""},"categories":[555,379,375,343],"tags":[440],"class_list":{"0":"post-195074","1":"post","2":"type-post","3":"status-publish","4":"format-standard","5":"has-post-thumbnail","7":"category-fina-estampa","8":"category-novelas","9":"category-rede-globo","10":"category-televisao","11":"tag-noticia-novela"},"_links":{"self":[{"href":"https:\/\/migracao.redenoticia.com.br\/noticia\/wp-json\/wp\/v2\/posts\/195074","targetHints":{"allow":["GET"]}}],"collection":[{"href":"https:\/\/migracao.redenoticia.com.br\/noticia\/wp-json\/wp\/v2\/posts"}],"about":[{"href":"https:\/\/migracao.redenoticia.com.br\/noticia\/wp-json\/wp\/v2\/types\/post"}],"author":[{"embeddable":true,"href":"https:\/\/migracao.redenoticia.com.br\/noticia\/wp-json\/wp\/v2\/users\/2"}],"replies":[{"embeddable":true,"href":"https:\/\/migracao.redenoticia.com.br\/noticia\/wp-json\/wp\/v2\/comments?post=195074"}],"version-history":[{"count":0,"href":"https:\/\/migracao.redenoticia.com.br\/noticia\/wp-json\/wp\/v2\/posts\/195074\/revisions"}],"wp:featuredmedia":[{"embeddable":true,"href":"https:\/\/migracao.redenoticia.com.br\/noticia\/wp-json\/wp\/v2\/media\/195132"}],"wp:attachment":[{"href":"https:\/\/migracao.redenoticia.com.br\/noticia\/wp-json\/wp\/v2\/media?parent=195074"}],"wp:term":[{"taxonomy":"category","embeddable":true,"href":"https:\/\/migracao.redenoticia.com.br\/noticia\/wp-json\/wp\/v2\/categories?post=195074"},{"taxonomy":"post_tag","embeddable":true,"href":"https:\/\/migracao.redenoticia.com.br\/noticia\/wp-json\/wp\/v2\/tags?post=195074"}],"curies":[{"name":"wp","href":"https:\/\/api.w.org\/{rel}","templated":true}]}}