{"id":19508,"date":"2009-12-07T22:45:46","date_gmt":"2009-12-08T02:45:46","guid":{"rendered":"http:\/\/www.redenoticia.com.br\/noticia\/?p=19508"},"modified":"2009-12-07T22:45:46","modified_gmt":"2009-12-08T02:45:46","slug":"semana-de-muita-chuva-e-tempo-abafado-em-sao-paulo-diz-climatempo","status":"publish","type":"post","link":"https:\/\/migracao.redenoticia.com.br\/noticia\/2009\/semana-de-muita-chuva-e-tempo-abafado-em-sao-paulo-diz-climatempo\/19508","title":{"rendered":"Semana de muita chuva e tempo abafado em S\u00e3o Paulo, diz Climatempo"},"content":{"rendered":"<p><img loading=\"lazy\" decoding=\"async\" class=\"alignleft size-full wp-image-19270\" title=\"climatempo\" src=\"https:\/\/migracao.redenoticia.com.br\/noticia\/imagens\/climatempo2.jpg\" alt=\"climatempo\" width=\"300\" height=\"193\" srcset=\"https:\/\/migracao.redenoticia.com.br\/noticia\/imagens\/climatempo2.jpg 300w, https:\/\/migracao.redenoticia.com.br\/noticia\/imagens\/climatempo2-250x160.jpg 250w, https:\/\/migracao.redenoticia.com.br\/noticia\/imagens\/climatempo2-150x96.jpg 150w\" sizes=\"auto, (max-width: 300px) 100vw, 300px\" \/>A previs\u00e3o \u00e9 de muita chuva em algumas \u00e1reas do estado de S\u00e3o Paulo no decorrer desta semana, segundo a <strong><em>Climatempo<\/em><\/strong> Meteorologia . Na tarde desta segunda-feira a previs\u00e3o \u00e9 de chuva em todo o estado. Amanh\u00e3, uma nova frente fria chega a S\u00e3o Paulo e fica parada no litoral, o que aumenta a quantidade de chuva. A temperatura n\u00e3o sobe muito e o tempo fica abafado. De acordo com os meteorologistas, nesta \u00e9poca do ano \u00e9 comum chover desta forma. O risco de transbordamento \u00e9 grande em muitos c\u00f3rregos e rios. O volume de chuva decorrente do excesso de chuva acumulado desde o inverno e a primavera j\u00e1 est\u00e1 acima do normal. O risco de deslizamento \u00e9 permanente devido \u00e0 terra encharcada.<br \/>\nAcumulado de chuva est\u00e1 perto da m\u00e9dia em Franca<\/p>\n<p>Voltou a chover forte em Franca neste fim de semana. Segundo o Inmet, entre 10 horas do \u00faltimo domingo e 10 horas desta segunda-feira foram acumulados 94,4 mil\u00edmetros. Com a chuva moderada a forte que j\u00e1 caiu nesta cidade do norte de S\u00e3o Paulo, em apenas seis dias o total acumulado est\u00e1 em torno de 210 mil\u00edmetros. A m\u00e9dia para dezembro \u00e9 de aproximadamente 276 mil\u00edmetros.<\/p>\n<p>Sobre o Grupo Climatempo<\/p>\n<p>O Grupo Climatempo \u00e9 a maior empresa privada de meteorologia do pa\u00eds. Fornece, atualmente, conte\u00fado para mais de 50 retransmissoras nacionais de televis\u00e3o, para r\u00e1dios de todo o Brasil e para os principais portais. Com cerca de 1.100 clientes, a empresa atua principalmente em dois segmentos: o de agroneg\u00f3cios e o de meios de comunica\u00e7\u00e3o. Oferece tamb\u00e9m conte\u00fado meteorol\u00f3gico estrat\u00e9gico para empresas de moda e varejo, energia el\u00e9trica, constru\u00e7\u00e3o civil, transporte e log\u00edstica, al\u00e9m de bancos, seguradoras e ind\u00fastrias farmac\u00eautica e de alimentos. O Grupo \u00e9 presidido pelo meteorologista Carlos Magno que, com mais de 23 anos de carreira, foi um dos primeiros comunicadores da profiss\u00e3o no Pa\u00eds.<\/p>\n","protected":false},"excerpt":{"rendered":"<p>A previs\u00e3o \u00e9 de muita chuva em algumas \u00e1reas do estado de S\u00e3o Paulo no decorrer desta semana, segundo a Climatempo Meteorologia . Na tarde desta segunda-feira a previs\u00e3o \u00e9 de chuva em todo o estado. Amanh\u00e3, uma nova frente fria chega a S\u00e3o Paulo e fica parada no litoral, o que aumenta a quantidade [&hellip;]<\/p>\n","protected":false},"author":3,"featured_media":0,"comment_status":"open","ping_status":"open","sticky":false,"template":"","format":"standard","meta":{"tdm_status":"","tdm_grid_status":"","footnotes":""},"categories":[22,327],"tags":[],"class_list":{"0":"post-19508","1":"post","2":"type-post","3":"status-publish","4":"format-standard","6":"category-brasil","7":"category-clima"},"_links":{"self":[{"href":"https:\/\/migracao.redenoticia.com.br\/noticia\/wp-json\/wp\/v2\/posts\/19508","targetHints":{"allow":["GET"]}}],"collection":[{"href":"https:\/\/migracao.redenoticia.com.br\/noticia\/wp-json\/wp\/v2\/posts"}],"about":[{"href":"https:\/\/migracao.redenoticia.com.br\/noticia\/wp-json\/wp\/v2\/types\/post"}],"author":[{"embeddable":true,"href":"https:\/\/migracao.redenoticia.com.br\/noticia\/wp-json\/wp\/v2\/users\/3"}],"replies":[{"embeddable":true,"href":"https:\/\/migracao.redenoticia.com.br\/noticia\/wp-json\/wp\/v2\/comments?post=19508"}],"version-history":[{"count":0,"href":"https:\/\/migracao.redenoticia.com.br\/noticia\/wp-json\/wp\/v2\/posts\/19508\/revisions"}],"wp:attachment":[{"href":"https:\/\/migracao.redenoticia.com.br\/noticia\/wp-json\/wp\/v2\/media?parent=19508"}],"wp:term":[{"taxonomy":"category","embeddable":true,"href":"https:\/\/migracao.redenoticia.com.br\/noticia\/wp-json\/wp\/v2\/categories?post=19508"},{"taxonomy":"post_tag","embeddable":true,"href":"https:\/\/migracao.redenoticia.com.br\/noticia\/wp-json\/wp\/v2\/tags?post=19508"}],"curies":[{"name":"wp","href":"https:\/\/api.w.org\/{rel}","templated":true}]}}