{"id":1953,"date":"2009-05-24T23:38:14","date_gmt":"2009-05-25T03:38:14","guid":{"rendered":"http:\/\/www.redenoticia.com.br\/noticia\/?p=1953"},"modified":"2009-05-25T08:52:59","modified_gmt":"2009-05-25T12:52:59","slug":"confira-a-agenda-de-hoje-do-jem%e2%80%99s-de-ji-parana","status":"publish","type":"post","link":"https:\/\/migracao.redenoticia.com.br\/noticia\/2009\/confira-a-agenda-de-hoje-do-jem%e2%80%99s-de-ji-parana\/1953","title":{"rendered":"Confira a agenda de hoje do JEM\u2019s de Ji-Paran\u00e1"},"content":{"rendered":"<p><span style=\"font-size: 9pt; font-family: Arial;\">Segunda (25) \u00e9 dia de muito esporte e diversas competi\u00e7\u00f5es simult\u00e2neas. Teremos jogos nas quadras, gin\u00e1sios, escolas e no Bianc\u00e3o.<\/span><\/p>\n<p class=\"MsoNormal\" style=\"text-align: justify;\"><span style=\"font-size: 9pt; font-family: Arial;\">O Handebol ser\u00e1 disputado \u00e0 tarde na escola Rio Urup\u00e1. <\/span><\/p>\n<p class=\"MsoNormal\" style=\"text-align: justify;\"><span style=\"font-size: 9pt; font-family: Arial;\">Voleibol,<span> <\/span>manh\u00e3 no Marechal Rondon e \u00e0 tarde no Jardim do Migrante.<\/span><\/p>\n<p class=\"MsoNormal\" style=\"text-align: justify;\"><span style=\"font-size: 9pt; font-family: Arial;\">V\u00f4lei de areia somente \u00e0 tarde no Julio Guerra.<\/span><\/p>\n<p class=\"MsoNormal\" style=\"text-align: justify;\"><span style=\"font-size: 9pt; font-family: Arial;\">Futebol no Bianc\u00e3o, manh\u00e3 e tarde.<\/span><\/p>\n<p class=\"MsoNormal\" style=\"text-align: justify;\"><span style=\"font-size: 9pt; font-family: Arial;\">Futsal, manh\u00e3 e tarde nos gin\u00e1sios Gerivald\u00e3o e Ad\u00e3o Lamota<\/span><\/p>\n<p class=\"MsoNormal\" style=\"text-align: justify;\"><span style=\"font-size: 9pt; font-family: Arial;\">Basquete pela manh\u00e3, no Gon\u00e7alves Dias.<\/span><\/p>\n<p class=\"MsoNormal\" style=\"text-align: justify;\"><span style=\"font-size: 9pt; font-family: Arial;\"> <\/span><\/p>\n<p class=\"MsoNormal\" style=\"text-align: justify;\"><span style=\"font-size: 9pt; font-family: Arial;\">Amanh\u00e3 divulgaremos tabelas de resultados parciais e dos primeiros classificados.<\/span><\/p>\n","protected":false},"excerpt":{"rendered":"<p>Segunda (25) \u00e9 dia de muito esporte e diversas competi\u00e7\u00f5es simult\u00e2neas. Teremos jogos nas quadras, gin\u00e1sios, escolas e no Bianc\u00e3o. O Handebol ser\u00e1 disputado \u00e0 tarde na escola Rio Urup\u00e1. Voleibol, manh\u00e3 no Marechal Rondon e \u00e0 tarde no Jardim do Migrante. V\u00f4lei de areia somente \u00e0 tarde no Julio Guerra. Futebol no Bianc\u00e3o, manh\u00e3 [&hellip;]<\/p>\n","protected":false},"author":3,"featured_media":0,"comment_status":"open","ping_status":"open","sticky":false,"template":"","format":"standard","meta":{"tdm_status":"","tdm_grid_status":"","footnotes":""},"categories":[22],"tags":[],"class_list":{"0":"post-1953","1":"post","2":"type-post","3":"status-publish","4":"format-standard","6":"category-brasil"},"_links":{"self":[{"href":"https:\/\/migracao.redenoticia.com.br\/noticia\/wp-json\/wp\/v2\/posts\/1953","targetHints":{"allow":["GET"]}}],"collection":[{"href":"https:\/\/migracao.redenoticia.com.br\/noticia\/wp-json\/wp\/v2\/posts"}],"about":[{"href":"https:\/\/migracao.redenoticia.com.br\/noticia\/wp-json\/wp\/v2\/types\/post"}],"author":[{"embeddable":true,"href":"https:\/\/migracao.redenoticia.com.br\/noticia\/wp-json\/wp\/v2\/users\/3"}],"replies":[{"embeddable":true,"href":"https:\/\/migracao.redenoticia.com.br\/noticia\/wp-json\/wp\/v2\/comments?post=1953"}],"version-history":[{"count":0,"href":"https:\/\/migracao.redenoticia.com.br\/noticia\/wp-json\/wp\/v2\/posts\/1953\/revisions"}],"wp:attachment":[{"href":"https:\/\/migracao.redenoticia.com.br\/noticia\/wp-json\/wp\/v2\/media?parent=1953"}],"wp:term":[{"taxonomy":"category","embeddable":true,"href":"https:\/\/migracao.redenoticia.com.br\/noticia\/wp-json\/wp\/v2\/categories?post=1953"},{"taxonomy":"post_tag","embeddable":true,"href":"https:\/\/migracao.redenoticia.com.br\/noticia\/wp-json\/wp\/v2\/tags?post=1953"}],"curies":[{"name":"wp","href":"https:\/\/api.w.org\/{rel}","templated":true}]}}