{"id":195373,"date":"2020-07-08T13:15:44","date_gmt":"2020-07-08T16:15:44","guid":{"rendered":"https:\/\/www.redenoticia.com.br\/noticia\/?p=195373"},"modified":"2020-07-08T13:15:44","modified_gmt":"2020-07-08T16:15:44","slug":"resumo-novela-as-aventuras-de-poliana-09-07-filipa-pede-desculpa-a-poliana","status":"publish","type":"post","link":"https:\/\/migracao.redenoticia.com.br\/noticia\/2020\/resumo-novela-as-aventuras-de-poliana-09-07-filipa-pede-desculpa-a-poliana\/195373","title":{"rendered":"Resumo novela \u201cAs Aventuras de Poliana\u201d 09\/07: Filipa pede desculpa a Poliana"},"content":{"rendered":"<p><img loading=\"lazy\" decoding=\"async\" class=\"aligncenter size-full wp-image-148662\" src=\"https:\/\/migracao.redenoticia.com.br\/noticia\/imagens\/as-aventuras-de-poliana-novela.jpg\" alt=\"\" width=\"600\" height=\"400\" srcset=\"https:\/\/migracao.redenoticia.com.br\/noticia\/imagens\/as-aventuras-de-poliana-novela.jpg 600w, https:\/\/migracao.redenoticia.com.br\/noticia\/imagens\/as-aventuras-de-poliana-novela-250x167.jpg 250w, https:\/\/migracao.redenoticia.com.br\/noticia\/imagens\/as-aventuras-de-poliana-novela-400x267.jpg 400w, https:\/\/migracao.redenoticia.com.br\/noticia\/imagens\/as-aventuras-de-poliana-novela-150x100.jpg 150w\" sizes=\"auto, (max-width: 600px) 100vw, 600px\" \/><\/p>\n<p><strong><em>Resumo novela \u201cAs Aventuras de Poliana\u201d 09\/07<\/em><\/strong>: no cap\u00edtulo 564(*) da novela, quinta-feira, 09 de julho, Kessya recebe elogios pela apresenta\u00e7\u00e3o e \u00e9 convidada a participar de audi\u00e7\u00e3o para uma companhia de dan\u00e7a. Maestro Jo\u00e3o Carlos Martins elogia Bento. Em uma coletiva de imprensa, Otto revela que Ester \u00e9 um android. Roger \u00e9 colocado na mesma cela que Waldisney. Gl\u00f3ria visita Roger na pris\u00e3o.<\/p>\n<p>D\u00e9bora \u00e9 levada pela pol\u00edcia. Filipa conversa com Poliana e pede desculpa por tudo. Luisa discute com Otto. Otto pede perd\u00e3o para Poliana e pede para que ela aceite fazer o tratamento. Amigos incentivam Poliana a perdoar Otto. Gl\u00f3ria oferece a galeria de arte para Luisa. S\u00e9rgio e Joana d\u00e3o aumento para Jeferson.<\/p>\n<p>(*) edi\u00e7\u00e3o das novelas do SBT, \u201cAs Aventuras de Poliana\u201d, sujeito a altera\u00e7\u00e3o de data e conte\u00fado.<\/p>\n<p>\u201cAs Aventuras de Poliana\u201d &#8211; Poliana \u00e9 uma menina extrovertida e de bom cora\u00e7\u00e3o que viajava o Brasil com seus pais, Lorenzo e Alice, no grupo circense Trupe Vagalume. Aos onze anos a garota v\u00ea seu mundo desabar quando seus pais falecem e ela tem que ir morar em S\u00e3o Paulo com sua tia Lu\u00edsa, uma mulher rica e severa, a qual ela n\u00e3o conhecia e que n\u00e3o queria cuidar dela, embora sinta que \u00e9 sua obriga\u00e7\u00e3o pela alma de sua irm\u00e3.<\/p>\n<p>Apesar do jeito da rigidez da tia, Poliana decide ter uma vis\u00e3o positiva e inabal\u00e1vel da vida, mesmo nos momentos de dificuldade, tentando levar um pouco de felicidade para a vida de cada um dos seus novos amigos e vizinhos, como o Sr. Pendleton, um homem rico e infeliz por nunca ter tido filhos. Ela vai estudar no col\u00e9gio de Ruth, uma diretora de bom cora\u00e7\u00e3o que a ajuda a se adaptar, mas tem que lidar com as vilanias de Mirela, garota mais velha que n\u00e3o aceita perder a popularidade para uma novata.<\/p>\n","protected":false},"excerpt":{"rendered":"<p>Resumo novela \u201cAs Aventuras de Poliana\u201d 09\/07: no cap\u00edtulo 564(*) da novela, quinta-feira, 09 de julho, Kessya recebe elogios pela apresenta\u00e7\u00e3o e \u00e9 convidada a participar de audi\u00e7\u00e3o para uma companhia de dan\u00e7a. Maestro Jo\u00e3o Carlos Martins elogia Bento. Em uma coletiva de imprensa, Otto revela que Ester \u00e9 um android. Roger \u00e9 colocado na [&hellip;]<\/p>\n","protected":false},"author":4,"featured_media":148663,"comment_status":"closed","ping_status":"closed","sticky":false,"template":"","format":"standard","meta":{"tdm_status":"","tdm_grid_status":"","footnotes":""},"categories":[477,379,372,343],"tags":[441],"class_list":{"0":"post-195373","1":"post","2":"type-post","3":"status-publish","4":"format-standard","5":"has-post-thumbnail","7":"category-as-aventuras-de-poliana","8":"category-novelas","9":"category-sbt","10":"category-televisao","11":"tag-resumo-do-dia"},"_links":{"self":[{"href":"https:\/\/migracao.redenoticia.com.br\/noticia\/wp-json\/wp\/v2\/posts\/195373","targetHints":{"allow":["GET"]}}],"collection":[{"href":"https:\/\/migracao.redenoticia.com.br\/noticia\/wp-json\/wp\/v2\/posts"}],"about":[{"href":"https:\/\/migracao.redenoticia.com.br\/noticia\/wp-json\/wp\/v2\/types\/post"}],"author":[{"embeddable":true,"href":"https:\/\/migracao.redenoticia.com.br\/noticia\/wp-json\/wp\/v2\/users\/4"}],"replies":[{"embeddable":true,"href":"https:\/\/migracao.redenoticia.com.br\/noticia\/wp-json\/wp\/v2\/comments?post=195373"}],"version-history":[{"count":0,"href":"https:\/\/migracao.redenoticia.com.br\/noticia\/wp-json\/wp\/v2\/posts\/195373\/revisions"}],"wp:featuredmedia":[{"embeddable":true,"href":"https:\/\/migracao.redenoticia.com.br\/noticia\/wp-json\/wp\/v2\/media\/148663"}],"wp:attachment":[{"href":"https:\/\/migracao.redenoticia.com.br\/noticia\/wp-json\/wp\/v2\/media?parent=195373"}],"wp:term":[{"taxonomy":"category","embeddable":true,"href":"https:\/\/migracao.redenoticia.com.br\/noticia\/wp-json\/wp\/v2\/categories?post=195373"},{"taxonomy":"post_tag","embeddable":true,"href":"https:\/\/migracao.redenoticia.com.br\/noticia\/wp-json\/wp\/v2\/tags?post=195373"}],"curies":[{"name":"wp","href":"https:\/\/api.w.org\/{rel}","templated":true}]}}