{"id":195375,"date":"2020-07-08T13:16:56","date_gmt":"2020-07-08T16:16:56","guid":{"rendered":"https:\/\/www.redenoticia.com.br\/noticia\/?p=195375"},"modified":"2020-07-08T13:16:56","modified_gmt":"2020-07-08T16:16:56","slug":"resumo-novela-cumplices-de-um-resgate-09-07-joaquim-se-opoe-a-entrada-de-benjamin-na-banda","status":"publish","type":"post","link":"https:\/\/migracao.redenoticia.com.br\/noticia\/2020\/resumo-novela-cumplices-de-um-resgate-09-07-joaquim-se-opoe-a-entrada-de-benjamin-na-banda\/195375","title":{"rendered":"Resumo novela \u201cC\u00famplices de um Resgate\u201d 09\/07: Joaquim se op\u00f5e a entrada de Benjamin na banda"},"content":{"rendered":"<p><img loading=\"lazy\" decoding=\"async\" class=\"aligncenter size-full wp-image-164525\" src=\"https:\/\/migracao.redenoticia.com.br\/noticia\/imagens\/cumplices-de-um-resgate-002.jpg\" alt=\"\" width=\"620\" height=\"449\" srcset=\"https:\/\/migracao.redenoticia.com.br\/noticia\/imagens\/cumplices-de-um-resgate-002.jpg 620w, https:\/\/migracao.redenoticia.com.br\/noticia\/imagens\/cumplices-de-um-resgate-002-250x181.jpg 250w, https:\/\/migracao.redenoticia.com.br\/noticia\/imagens\/cumplices-de-um-resgate-002-400x290.jpg 400w, https:\/\/migracao.redenoticia.com.br\/noticia\/imagens\/cumplices-de-um-resgate-002-324x235.jpg 324w, https:\/\/migracao.redenoticia.com.br\/noticia\/imagens\/cumplices-de-um-resgate-002-150x109.jpg 150w, https:\/\/migracao.redenoticia.com.br\/noticia\/imagens\/cumplices-de-um-resgate-002-560x406.jpg 560w\" sizes=\"auto, (max-width: 620px) 100vw, 620px\" \/><\/p>\n<p><strong><em>Resumo novela \u201cC\u00famplices de um Resgate\u201d 09\/07<\/em><\/strong>: no cap\u00edtulo 395(*) da novela, quinta-feira, 09 de julho, as crian\u00e7as do vilarejo brincam no lago. Isabela observa e reclama dos mosquitos. Priscila sugere chamar Benjamin para tocar no lugar de Andr\u00e9. Fiorina v\u00ea Pedro entrando na igreja evang\u00e9lica. Benjamin aceita fazer um teste para tocar na C1R. Safira e Arthur descobrem que as crian\u00e7as planejam um show e ficam felizes. Ot\u00e1vio leva Raul para o vilarejo. Isabela diz a ele que \u00e9 dif\u00edcil se acostumar com o vilarejo. Benjamin vai ao condom\u00ednio com Felipe, Julia e Priscila ensaiar com a banda. Meire se incomoda com o barulho.<\/p>\n<p>Omar fica entediado em casa, ent\u00e3o pega um dinheiro que sua m\u00e3e tinha guardado e sai Isabela desabafa com T\u00e9o e diz que est\u00e1 dif\u00edcil se adaptar ao vilarejo. Joaquim se op\u00f5e a entrada de Benjamin na banda. Eles votam entre si, e o garoto entra. Omar chega \u00e0 sua antiga casa. Isabela tenta fugir pela janela, mas Manuela v\u00ea e a chama de volta.<\/p>\n<p>(*) edi\u00e7\u00e3o das novelas do SBT, \u201cC\u00famplices de um Resgate\u201d, sujeito a altera\u00e7\u00e3o de data e conte\u00fado.<\/p>\n<p>\u201cC\u00famplices de um Resgate\u201d &#8211; Duas irm\u00e3s g\u00eameas univitelinas que foram separadas ap\u00f3s nascimento, se reencontram somente ap\u00f3s doze anos. Manuela, uma das g\u00eameas, \u00e9 doce, meiga, gentil, e muito talentosa para a m\u00fasica e tem uma voz encantadora. Vive uma vida feliz no Vilarejo dos Sonhos, onde mora com sua av\u00f3 Nina, sua tia Helena e sua m\u00e3e Rebeca, que d\u00e1 muito amor e carinho a filha por ela nunca ter tido um pai, e ela \u00e9 a m\u00e3e biol\u00f3gica das duas garotas, mas nunca soube que teve g\u00eameas.<\/p>\n","protected":false},"excerpt":{"rendered":"<p>Resumo novela \u201cC\u00famplices de um Resgate\u201d 09\/07: no cap\u00edtulo 395(*) da novela, quinta-feira, 09 de julho, as crian\u00e7as do vilarejo brincam no lago. Isabela observa e reclama dos mosquitos. Priscila sugere chamar Benjamin para tocar no lugar de Andr\u00e9. Fiorina v\u00ea Pedro entrando na igreja evang\u00e9lica. Benjamin aceita fazer um teste para tocar na C1R. [&hellip;]<\/p>\n","protected":false},"author":4,"featured_media":164526,"comment_status":"closed","ping_status":"closed","sticky":false,"template":"","format":"standard","meta":{"tdm_status":"","tdm_grid_status":"","footnotes":""},"categories":[379,372,343],"tags":[441],"class_list":{"0":"post-195375","1":"post","2":"type-post","3":"status-publish","4":"format-standard","5":"has-post-thumbnail","7":"category-novelas","8":"category-sbt","9":"category-televisao","10":"tag-resumo-do-dia"},"_links":{"self":[{"href":"https:\/\/migracao.redenoticia.com.br\/noticia\/wp-json\/wp\/v2\/posts\/195375","targetHints":{"allow":["GET"]}}],"collection":[{"href":"https:\/\/migracao.redenoticia.com.br\/noticia\/wp-json\/wp\/v2\/posts"}],"about":[{"href":"https:\/\/migracao.redenoticia.com.br\/noticia\/wp-json\/wp\/v2\/types\/post"}],"author":[{"embeddable":true,"href":"https:\/\/migracao.redenoticia.com.br\/noticia\/wp-json\/wp\/v2\/users\/4"}],"replies":[{"embeddable":true,"href":"https:\/\/migracao.redenoticia.com.br\/noticia\/wp-json\/wp\/v2\/comments?post=195375"}],"version-history":[{"count":0,"href":"https:\/\/migracao.redenoticia.com.br\/noticia\/wp-json\/wp\/v2\/posts\/195375\/revisions"}],"wp:featuredmedia":[{"embeddable":true,"href":"https:\/\/migracao.redenoticia.com.br\/noticia\/wp-json\/wp\/v2\/media\/164526"}],"wp:attachment":[{"href":"https:\/\/migracao.redenoticia.com.br\/noticia\/wp-json\/wp\/v2\/media?parent=195375"}],"wp:term":[{"taxonomy":"category","embeddable":true,"href":"https:\/\/migracao.redenoticia.com.br\/noticia\/wp-json\/wp\/v2\/categories?post=195375"},{"taxonomy":"post_tag","embeddable":true,"href":"https:\/\/migracao.redenoticia.com.br\/noticia\/wp-json\/wp\/v2\/tags?post=195375"}],"curies":[{"name":"wp","href":"https:\/\/api.w.org\/{rel}","templated":true}]}}