{"id":195385,"date":"2020-07-08T13:26:16","date_gmt":"2020-07-08T16:26:16","guid":{"rendered":"https:\/\/www.redenoticia.com.br\/noticia\/?p=195385"},"modified":"2020-07-08T13:26:16","modified_gmt":"2020-07-08T16:26:16","slug":"resumo-novela-fina-estampa-09-07-danielle-nao-deixa-gloria-contar-segredo-para-beatriz","status":"publish","type":"post","link":"https:\/\/migracao.redenoticia.com.br\/noticia\/2020\/resumo-novela-fina-estampa-09-07-danielle-nao-deixa-gloria-contar-segredo-para-beatriz\/195385","title":{"rendered":"Resumo novela \u201cFina Estampa\u201d 09\/07: Danielle n\u00e3o deixa Gl\u00f3ria contar segredo para Beatriz"},"content":{"rendered":"<p><img loading=\"lazy\" decoding=\"async\" class=\"aligncenter size-full wp-image-190230\" src=\"https:\/\/migracao.redenoticia.com.br\/noticia\/imagens\/fina-estampa.jpg\" alt=\"\" width=\"800\" height=\"792\" srcset=\"https:\/\/migracao.redenoticia.com.br\/noticia\/imagens\/fina-estampa.jpg 800w, https:\/\/migracao.redenoticia.com.br\/noticia\/imagens\/fina-estampa-189x187.jpg 189w, https:\/\/migracao.redenoticia.com.br\/noticia\/imagens\/fina-estampa-303x300.jpg 303w, https:\/\/migracao.redenoticia.com.br\/noticia\/imagens\/fina-estampa-768x760.jpg 768w, https:\/\/migracao.redenoticia.com.br\/noticia\/imagens\/fina-estampa-150x150.jpg 150w, https:\/\/migracao.redenoticia.com.br\/noticia\/imagens\/fina-estampa-141x140.jpg 141w, https:\/\/migracao.redenoticia.com.br\/noticia\/imagens\/fina-estampa-86x85.jpg 86w, https:\/\/migracao.redenoticia.com.br\/noticia\/imagens\/fina-estampa-696x689.jpg 696w\" sizes=\"auto, (max-width: 800px) 100vw, 800px\" \/><\/p>\n<p><em><strong>Resumo novela \u201cFina Estampa\u201d 09\/07<\/strong><\/em>: no cap\u00edtulo 094(*) da novela, quinta-feira, 09 de julho, Tereza Cristina exige saber quem \u00e9 o verdadeiro investidor do Brasileir\u00edssimo. Ren\u00ea nomeia Rui como seu novo sous-chef. Tereza Cristina chama Ferdinand e trama contra Quinz\u00e9. Teodora fica aliviada por conseguir um comprador para as miniaturas. Celeste leva Baltazar para conhecer a casa de Griselda. Esther comemora sua volta \u00e0 Fio Carioca e Paulo fica contrariado por causa de Vit\u00f3ria. Wallace repreende Leandro pela falta de disciplina no treinamento.<\/p>\n<p>Guaracy fica enciumado ao saber que Esther trabalhar\u00e1 novamente com Paulo. Alberto se recusa a falar se sua ex-mulher para Dagmar. \u00cdris n\u00e3o conta para Alice o motivo da m\u00e1goa em rela\u00e7\u00e3o a irm\u00e3. Danielle n\u00e3o deixa Gl\u00f3ria contar para Beatriz o que descobriu. Griselda fala para Vilma que s\u00f3 conhece uma pessoa capaz de deter Tereza Cristina.<\/p>\n<p>(*) edi\u00e7\u00e3o das novelas da Globo, \u201cFina Estampa\u201d, sujeito a altera\u00e7\u00e3o de data e conte\u00fado.<\/p>\n<p>Sinopse \u201cFina Estampa\u201d: A vi\u00fava Griselda, conhecida como Pereir\u00e3o, trabalha como faz-tudo para sustentar seus tr\u00eas filhos. J\u00e1 Tereza Cristina \u00e9 uma socialite que acredita ter a vida perfeita. Seus destinos se cruzam por acaso e tudo muda quando Griselda ganha 30 milh\u00f5es.<\/p>\n","protected":false},"excerpt":{"rendered":"<p>Resumo novela \u201cFina Estampa\u201d 09\/07: no cap\u00edtulo 094(*) da novela, quinta-feira, 09 de julho, Tereza Cristina exige saber quem \u00e9 o verdadeiro investidor do Brasileir\u00edssimo. Ren\u00ea nomeia Rui como seu novo sous-chef. Tereza Cristina chama Ferdinand e trama contra Quinz\u00e9. Teodora fica aliviada por conseguir um comprador para as miniaturas. Celeste leva Baltazar para conhecer [&hellip;]<\/p>\n","protected":false},"author":4,"featured_media":195132,"comment_status":"closed","ping_status":"closed","sticky":false,"template":"","format":"standard","meta":{"tdm_status":"","tdm_grid_status":"","footnotes":""},"categories":[555,379,375,343],"tags":[441],"class_list":{"0":"post-195385","1":"post","2":"type-post","3":"status-publish","4":"format-standard","5":"has-post-thumbnail","7":"category-fina-estampa","8":"category-novelas","9":"category-rede-globo","10":"category-televisao","11":"tag-resumo-do-dia"},"_links":{"self":[{"href":"https:\/\/migracao.redenoticia.com.br\/noticia\/wp-json\/wp\/v2\/posts\/195385","targetHints":{"allow":["GET"]}}],"collection":[{"href":"https:\/\/migracao.redenoticia.com.br\/noticia\/wp-json\/wp\/v2\/posts"}],"about":[{"href":"https:\/\/migracao.redenoticia.com.br\/noticia\/wp-json\/wp\/v2\/types\/post"}],"author":[{"embeddable":true,"href":"https:\/\/migracao.redenoticia.com.br\/noticia\/wp-json\/wp\/v2\/users\/4"}],"replies":[{"embeddable":true,"href":"https:\/\/migracao.redenoticia.com.br\/noticia\/wp-json\/wp\/v2\/comments?post=195385"}],"version-history":[{"count":0,"href":"https:\/\/migracao.redenoticia.com.br\/noticia\/wp-json\/wp\/v2\/posts\/195385\/revisions"}],"wp:featuredmedia":[{"embeddable":true,"href":"https:\/\/migracao.redenoticia.com.br\/noticia\/wp-json\/wp\/v2\/media\/195132"}],"wp:attachment":[{"href":"https:\/\/migracao.redenoticia.com.br\/noticia\/wp-json\/wp\/v2\/media?parent=195385"}],"wp:term":[{"taxonomy":"category","embeddable":true,"href":"https:\/\/migracao.redenoticia.com.br\/noticia\/wp-json\/wp\/v2\/categories?post=195385"},{"taxonomy":"post_tag","embeddable":true,"href":"https:\/\/migracao.redenoticia.com.br\/noticia\/wp-json\/wp\/v2\/tags?post=195385"}],"curies":[{"name":"wp","href":"https:\/\/api.w.org\/{rel}","templated":true}]}}