{"id":1954,"date":"2009-05-24T23:39:34","date_gmt":"2009-05-25T03:39:34","guid":{"rendered":"http:\/\/www.redenoticia.com.br\/noticia\/?p=1954"},"modified":"2009-05-25T08:52:42","modified_gmt":"2009-05-25T12:52:42","slug":"termina-hoje-as-inscricoes-do-karate-e-judo-no-jem%e2%80%99s-ji-parana","status":"publish","type":"post","link":"https:\/\/migracao.redenoticia.com.br\/noticia\/2009\/termina-hoje-as-inscricoes-do-karate-e-judo-no-jem%e2%80%99s-ji-parana\/1954","title":{"rendered":"Termina hoje as inscri\u00e7\u00f5es do Karat\u00ea e Jud\u00f4 no JEM\u2019s Ji-Paran\u00e1"},"content":{"rendered":"<p class=\"MsoNormal\" style=\"text-align: justify;\"><span style=\"font-size: 9pt; font-family: Arial;\">Devido \u00e0s solicita\u00e7\u00f5es das academias, a Dire\u00e7\u00e3o T\u00e9cnica autorizou novas inscri\u00e7\u00f5es para <strong>Karat\u00ea<\/strong> e <strong>Jud\u00f4<\/strong> at\u00e9 hoje(25) \u00e1s 18 horas. <\/span><\/p>\n<p class=\"MsoNormal\" style=\"text-align: justify;\"><span style=\"font-size: 9pt; font-family: Arial;\">A competi\u00e7\u00e3o ser\u00e1 na quinta (28), manh\u00e3 e tarde, na escola Marechal Rondon.\u00a0 O evento\u00a0 \u00e9 aberto ao\u00a0 p\u00fablico\u00a0 e\u00a0 \u00e0s\u00a0 torcidas.<\/span><\/p>\n<p class=\"MsoNormal\" style=\"margin-bottom: 12pt;\"><span class=\"titulo11\"><span style=\"font-size: 9pt; font-family: Arial; font-weight: normal;\">Ainda n\u00e3o foi divulgado quando ser\u00e1 o sorteio de distribui\u00e7\u00e3o da competi\u00e7\u00e3o.<\/span><\/span><\/p>\n","protected":false},"excerpt":{"rendered":"<p>Devido \u00e0s solicita\u00e7\u00f5es das academias, a Dire\u00e7\u00e3o T\u00e9cnica autorizou novas inscri\u00e7\u00f5es para Karat\u00ea e Jud\u00f4 at\u00e9 hoje(25) \u00e1s 18 horas. A competi\u00e7\u00e3o ser\u00e1 na quinta (28), manh\u00e3 e tarde, na escola Marechal Rondon.\u00a0 O evento\u00a0 \u00e9 aberto ao\u00a0 p\u00fablico\u00a0 e\u00a0 \u00e0s\u00a0 torcidas. Ainda n\u00e3o foi divulgado quando ser\u00e1 o sorteio de distribui\u00e7\u00e3o da competi\u00e7\u00e3o.<\/p>\n","protected":false},"author":3,"featured_media":0,"comment_status":"open","ping_status":"open","sticky":false,"template":"","format":"standard","meta":{"tdm_status":"","tdm_grid_status":"","footnotes":""},"categories":[22],"tags":[],"class_list":{"0":"post-1954","1":"post","2":"type-post","3":"status-publish","4":"format-standard","6":"category-brasil"},"_links":{"self":[{"href":"https:\/\/migracao.redenoticia.com.br\/noticia\/wp-json\/wp\/v2\/posts\/1954","targetHints":{"allow":["GET"]}}],"collection":[{"href":"https:\/\/migracao.redenoticia.com.br\/noticia\/wp-json\/wp\/v2\/posts"}],"about":[{"href":"https:\/\/migracao.redenoticia.com.br\/noticia\/wp-json\/wp\/v2\/types\/post"}],"author":[{"embeddable":true,"href":"https:\/\/migracao.redenoticia.com.br\/noticia\/wp-json\/wp\/v2\/users\/3"}],"replies":[{"embeddable":true,"href":"https:\/\/migracao.redenoticia.com.br\/noticia\/wp-json\/wp\/v2\/comments?post=1954"}],"version-history":[{"count":0,"href":"https:\/\/migracao.redenoticia.com.br\/noticia\/wp-json\/wp\/v2\/posts\/1954\/revisions"}],"wp:attachment":[{"href":"https:\/\/migracao.redenoticia.com.br\/noticia\/wp-json\/wp\/v2\/media?parent=1954"}],"wp:term":[{"taxonomy":"category","embeddable":true,"href":"https:\/\/migracao.redenoticia.com.br\/noticia\/wp-json\/wp\/v2\/categories?post=1954"},{"taxonomy":"post_tag","embeddable":true,"href":"https:\/\/migracao.redenoticia.com.br\/noticia\/wp-json\/wp\/v2\/tags?post=1954"}],"curies":[{"name":"wp","href":"https:\/\/api.w.org\/{rel}","templated":true}]}}