{"id":195447,"date":"2020-07-10T19:11:56","date_gmt":"2020-07-10T22:11:56","guid":{"rendered":"https:\/\/www.redenoticia.com.br\/noticia\/?p=195447"},"modified":"2020-07-10T23:16:03","modified_gmt":"2020-07-11T02:16:03","slug":"totalmente-demais-resumo-11-07-eliza-decide-deixar-a-casa-de-arthur","status":"publish","type":"post","link":"https:\/\/migracao.redenoticia.com.br\/noticia\/2020\/totalmente-demais-resumo-11-07-eliza-decide-deixar-a-casa-de-arthur\/195447","title":{"rendered":"\u201cTotalmente Demais\u201d Resumo 11\/07: Eliza decide deixar a casa de Arthur"},"content":{"rendered":"<p> <img loading=\"lazy\" decoding=\"async\" class=\"aligncenter size-full wp-image-190258\" src=\"https:\/\/migracao.redenoticia.com.br\/noticia\/imagens\/totalmente-demais-reprise.jpg\" alt=\"\" width=\"594\" height=\"520\" srcset=\"https:\/\/migracao.redenoticia.com.br\/noticia\/imagens\/totalmente-demais-reprise.jpg 594w, https:\/\/migracao.redenoticia.com.br\/noticia\/imagens\/totalmente-demais-reprise-214x187.jpg 214w, https:\/\/migracao.redenoticia.com.br\/noticia\/imagens\/totalmente-demais-reprise-343x300.jpg 343w, https:\/\/migracao.redenoticia.com.br\/noticia\/imagens\/totalmente-demais-reprise-160x140.jpg 160w, https:\/\/migracao.redenoticia.com.br\/noticia\/imagens\/totalmente-demais-reprise-97x85.jpg 97w\" sizes=\"auto, (max-width: 594px) 100vw, 594px\" \/><\/p>\n<p><em><strong>Resumo \u201cTotalmente Demais\u201d 11\/07<\/strong><\/em>: no cap\u00edtulo 090(*) da novela, s\u00e1bado, 11 de julho, Eliza vence a etapa do concurso com a foto de praia, e Cassandra \u00e9 eliminada. Eliza decide deixar a casa de Arthur para morar com Max e Lu. Maurice pede a Severino que o leve a Campo Claro para rever Gilda. Cassandra amea\u00e7a contar para Germano sobre as tentativas de Carolina de fazer com que Eliza sa\u00edsse do concurso.<\/p>\n<p>Carolina inclui Cassandra como modelo em uma edi\u00e7\u00e3o de sua revista. Gilda se apavora ao ver Maurice no bar de Dino. Carolina provoca Arthur ao comemorar que Eliza o abandonou.<\/p>\n<p>(*) edi\u00e7\u00e3o das novelas da Globo, \u201cTotalmente Demais\u201d, sujeito a altera\u00e7\u00e3o de data e conte\u00fado.<\/p>\n<p>Sinopse \u201cTotalmente Demais\u201d: Eliza (Marina Ruy Barbosa) \u00e9 uma jovem de 18 anos que foge de casa, em Campo Claro, cidade fict\u00edcia do interior fluminense, ap\u00f3s ser assediada por parte do seu padrasto Dino (Paulo Rocha). Ela n\u00e3o conheceu o pai, e sua m\u00e3e, Gilda (Leona Cavalli), diz que ele era um caminhoneiro que foi embora nas estradas. O sonho dela \u00e9 conhecer esse pai e tirar a fam\u00edlia da situa\u00e7\u00e3o dif\u00edcil em que vivem. A m\u00e3e se casou com o Dino e teve mais dois filhos.<\/p>\n<p>Quando Eliza era crian\u00e7a, se dava bem com Dino, mas depois que cresceu come\u00e7ou a bater muito de frente com o padrasto. Assim que ela chega ao Rio de Janeiro, ela vai para uma pens\u00e3o, mas \u00e9 roubada. Sem op\u00e7\u00e3o, a jovem passa a morar nas ruas, e conhece Jonatas (Felipe Simas), que vende balas nos sem\u00e1foros da Lapa para ajudar sua fam\u00edlia, que vive na zona oeste da capital fluminense.<\/p>\n","protected":false},"excerpt":{"rendered":"<p>Resumo \u201cTotalmente Demais\u201d 11\/07: no cap\u00edtulo 090(*) da novela, s\u00e1bado, 11 de julho, Eliza vence a etapa do concurso com a foto de praia, e Cassandra \u00e9 eliminada. Eliza decide deixar a casa de Arthur para morar com Max e Lu. Maurice pede a Severino que o leve a Campo Claro para rever Gilda. Cassandra [&hellip;]<\/p>\n","protected":false},"author":2,"featured_media":195126,"comment_status":"closed","ping_status":"closed","sticky":false,"template":"","format":"standard","meta":{"tdm_status":"","tdm_grid_status":"","footnotes":""},"categories":[379,375,2025,343,556],"tags":[441],"class_list":{"0":"post-195447","1":"post","2":"type-post","3":"status-publish","4":"format-standard","5":"has-post-thumbnail","7":"category-novelas","8":"category-rede-globo","9":"category-resumo","10":"category-televisao","11":"category-totalmente-demais","12":"tag-resumo-do-dia"},"_links":{"self":[{"href":"https:\/\/migracao.redenoticia.com.br\/noticia\/wp-json\/wp\/v2\/posts\/195447","targetHints":{"allow":["GET"]}}],"collection":[{"href":"https:\/\/migracao.redenoticia.com.br\/noticia\/wp-json\/wp\/v2\/posts"}],"about":[{"href":"https:\/\/migracao.redenoticia.com.br\/noticia\/wp-json\/wp\/v2\/types\/post"}],"author":[{"embeddable":true,"href":"https:\/\/migracao.redenoticia.com.br\/noticia\/wp-json\/wp\/v2\/users\/2"}],"replies":[{"embeddable":true,"href":"https:\/\/migracao.redenoticia.com.br\/noticia\/wp-json\/wp\/v2\/comments?post=195447"}],"version-history":[{"count":0,"href":"https:\/\/migracao.redenoticia.com.br\/noticia\/wp-json\/wp\/v2\/posts\/195447\/revisions"}],"wp:featuredmedia":[{"embeddable":true,"href":"https:\/\/migracao.redenoticia.com.br\/noticia\/wp-json\/wp\/v2\/media\/195126"}],"wp:attachment":[{"href":"https:\/\/migracao.redenoticia.com.br\/noticia\/wp-json\/wp\/v2\/media?parent=195447"}],"wp:term":[{"taxonomy":"category","embeddable":true,"href":"https:\/\/migracao.redenoticia.com.br\/noticia\/wp-json\/wp\/v2\/categories?post=195447"},{"taxonomy":"post_tag","embeddable":true,"href":"https:\/\/migracao.redenoticia.com.br\/noticia\/wp-json\/wp\/v2\/tags?post=195447"}],"curies":[{"name":"wp","href":"https:\/\/api.w.org\/{rel}","templated":true}]}}