{"id":195490,"date":"2020-07-12T13:57:42","date_gmt":"2020-07-12T16:57:42","guid":{"rendered":"https:\/\/www.redenoticia.com.br\/noticia\/?p=195490"},"modified":"2020-07-12T13:57:42","modified_gmt":"2020-07-12T16:57:42","slug":"resumo-fina-estampa-13-07-luana-avisa-a-rene-que-ele-tera-decepcao","status":"publish","type":"post","link":"https:\/\/migracao.redenoticia.com.br\/noticia\/2020\/resumo-fina-estampa-13-07-luana-avisa-a-rene-que-ele-tera-decepcao\/195490","title":{"rendered":"Resumo \u201cFina Estampa\u201d 13\/07: Luana avisa a Ren\u00ea que ele ter\u00e1 decep\u00e7\u00e3o"},"content":{"rendered":"<p> <img loading=\"lazy\" decoding=\"async\" class=\"aligncenter size-full wp-image-190230\" src=\"https:\/\/migracao.redenoticia.com.br\/noticia\/imagens\/fina-estampa.jpg\" alt=\"\" width=\"800\" height=\"792\" srcset=\"https:\/\/migracao.redenoticia.com.br\/noticia\/imagens\/fina-estampa.jpg 800w, https:\/\/migracao.redenoticia.com.br\/noticia\/imagens\/fina-estampa-189x187.jpg 189w, https:\/\/migracao.redenoticia.com.br\/noticia\/imagens\/fina-estampa-303x300.jpg 303w, https:\/\/migracao.redenoticia.com.br\/noticia\/imagens\/fina-estampa-768x760.jpg 768w, https:\/\/migracao.redenoticia.com.br\/noticia\/imagens\/fina-estampa-150x150.jpg 150w, https:\/\/migracao.redenoticia.com.br\/noticia\/imagens\/fina-estampa-141x140.jpg 141w, https:\/\/migracao.redenoticia.com.br\/noticia\/imagens\/fina-estampa-86x85.jpg 86w, https:\/\/migracao.redenoticia.com.br\/noticia\/imagens\/fina-estampa-696x689.jpg 696w\" sizes=\"auto, (max-width: 800px) 100vw, 800px\" \/><\/p>\n<p><em><strong>Resumo novela \u201cFina Estampa\u201d 13\/07<\/strong><\/em>: no cap\u00edtulo 097(*) da novela, segunda-feira, 13 de julho, Ren\u00ea Junior afirma a Griselda que seu pai deixar\u00e1 sua casa, e ela deduz que Tereza Cristina descobriu seu segredo. Griselda manda Severino impedir a entrada de Tereza Cristina no Brasileir\u00edssimo. Gl\u00f3ria marca um encontro com Beatriz na pizzaria.<\/p>\n<p>Chiara tenta ser simp\u00e1tica quando F\u00e1bio diz que ela gostar\u00e1 de conhecer Let\u00edcia. Enzo conta para Danielle que viu Gl\u00f3ria e Edvaldo na pizzaria. Luana avisa a Ren\u00ea que ele ter\u00e1 uma grande decep\u00e7\u00e3o.<\/p>\n<p>(*) edi\u00e7\u00e3o das novelas da Globo, \u201cFina Estampa\u201d, sujeito a altera\u00e7\u00e3o de data e conte\u00fado.<\/p>\n<p>Sinopse \u201cFina Estampa\u201d: A vi\u00fava Griselda, conhecida como Pereir\u00e3o, trabalha como faz-tudo para sustentar seus tr\u00eas filhos. J\u00e1 Tereza Cristina \u00e9 uma socialite que acredita ter a vida perfeita. Seus destinos se cruzam por acaso e tudo muda quando Griselda ganha 30 milh\u00f5es. <\/p>\n","protected":false},"excerpt":{"rendered":"<p>Resumo novela \u201cFina Estampa\u201d 13\/07: no cap\u00edtulo 097(*) da novela, segunda-feira, 13 de julho, Ren\u00ea Junior afirma a Griselda que seu pai deixar\u00e1 sua casa, e ela deduz que Tereza Cristina descobriu seu segredo. Griselda manda Severino impedir a entrada de Tereza Cristina no Brasileir\u00edssimo. Gl\u00f3ria marca um encontro com Beatriz na pizzaria. Chiara tenta [&hellip;]<\/p>\n","protected":false},"author":2,"featured_media":195132,"comment_status":"closed","ping_status":"closed","sticky":false,"template":"","format":"standard","meta":{"tdm_status":"","tdm_grid_status":"","footnotes":""},"categories":[555,379,375,2025,343],"tags":[441],"class_list":{"0":"post-195490","1":"post","2":"type-post","3":"status-publish","4":"format-standard","5":"has-post-thumbnail","7":"category-fina-estampa","8":"category-novelas","9":"category-rede-globo","10":"category-resumo","11":"category-televisao","12":"tag-resumo-do-dia"},"_links":{"self":[{"href":"https:\/\/migracao.redenoticia.com.br\/noticia\/wp-json\/wp\/v2\/posts\/195490","targetHints":{"allow":["GET"]}}],"collection":[{"href":"https:\/\/migracao.redenoticia.com.br\/noticia\/wp-json\/wp\/v2\/posts"}],"about":[{"href":"https:\/\/migracao.redenoticia.com.br\/noticia\/wp-json\/wp\/v2\/types\/post"}],"author":[{"embeddable":true,"href":"https:\/\/migracao.redenoticia.com.br\/noticia\/wp-json\/wp\/v2\/users\/2"}],"replies":[{"embeddable":true,"href":"https:\/\/migracao.redenoticia.com.br\/noticia\/wp-json\/wp\/v2\/comments?post=195490"}],"version-history":[{"count":0,"href":"https:\/\/migracao.redenoticia.com.br\/noticia\/wp-json\/wp\/v2\/posts\/195490\/revisions"}],"wp:featuredmedia":[{"embeddable":true,"href":"https:\/\/migracao.redenoticia.com.br\/noticia\/wp-json\/wp\/v2\/media\/195132"}],"wp:attachment":[{"href":"https:\/\/migracao.redenoticia.com.br\/noticia\/wp-json\/wp\/v2\/media?parent=195490"}],"wp:term":[{"taxonomy":"category","embeddable":true,"href":"https:\/\/migracao.redenoticia.com.br\/noticia\/wp-json\/wp\/v2\/categories?post=195490"},{"taxonomy":"post_tag","embeddable":true,"href":"https:\/\/migracao.redenoticia.com.br\/noticia\/wp-json\/wp\/v2\/tags?post=195490"}],"curies":[{"name":"wp","href":"https:\/\/api.w.org\/{rel}","templated":true}]}}