{"id":195491,"date":"2020-07-12T13:49:09","date_gmt":"2020-07-12T16:49:09","guid":{"rendered":"https:\/\/www.redenoticia.com.br\/noticia\/?p=195491"},"modified":"2020-07-12T13:54:40","modified_gmt":"2020-07-12T16:54:40","slug":"resumo-novela-betty-a-feia-em-nova-york-13-07-armando-e-interrogado-pela-policia","status":"publish","type":"post","link":"https:\/\/migracao.redenoticia.com.br\/noticia\/2020\/resumo-novela-betty-a-feia-em-nova-york-13-07-armando-e-interrogado-pela-policia\/195491","title":{"rendered":"Resumo novela \u201cBetty, a Feia em Nova York\u201d 13\/07: Armando \u00e9 interrogado pela pol\u00edcia"},"content":{"rendered":"<p><img loading=\"lazy\" decoding=\"async\" class=\"aligncenter size-full wp-image-187572\" src=\"https:\/\/migracao.redenoticia.com.br\/noticia\/imagens\/betty-feia-ny.jpg\" alt=\"\" width=\"1280\" height=\"720\" srcset=\"https:\/\/migracao.redenoticia.com.br\/noticia\/imagens\/betty-feia-ny.jpg 1280w, https:\/\/migracao.redenoticia.com.br\/noticia\/imagens\/betty-feia-ny-250x140.jpg 250w, https:\/\/migracao.redenoticia.com.br\/noticia\/imagens\/betty-feia-ny-400x225.jpg 400w, https:\/\/migracao.redenoticia.com.br\/noticia\/imagens\/betty-feia-ny-768x432.jpg 768w, https:\/\/migracao.redenoticia.com.br\/noticia\/imagens\/betty-feia-ny-150x85.jpg 150w, https:\/\/migracao.redenoticia.com.br\/noticia\/imagens\/betty-feia-ny-696x392.jpg 696w\" sizes=\"auto, (max-width: 1280px) 100vw, 1280px\" \/><\/p>\n<p><em><strong>Resumo novela \u201cBetty, a Feia em Nova York\u201d 13\/07<\/strong><\/em>: no cap\u00edtulo 122(*) da novela, segunda-feira, 13 de julho, No cap\u00edtulo 122, segunda-feira, 13 de julho &#8211; Daniel denuncia Armando por t\u00ea-lo amea\u00e7ado de morte um pouco antes do atentado que sofreu. Armando \u00e9 levado pela pol\u00edcia para ser interrogado. Betty sofre pois est\u00e1 convencida de sua inoc\u00eancia e decide ir at\u00e9 at\u00e9 a delegacia para apoi\u00e1-lo, mas \u00e9 impedida por Margarita e Marcela. Roberto sugere a Betty que v\u00e1 embora. Mata chega a V&amp;M e coloca a arma com que atirou em Daniel no carro de Armando para incrimin\u00e1-lo.<\/p>\n<p>(*) edi\u00e7\u00e3o das novelas do SBT, \u201cBetty, a Feia em Nova York\u201d, sujeito a altera\u00e7\u00e3o de data e conte\u00fado.<\/p>\n<p>Sinopse \u201cBetty, a Feia em Nova York\u201d: A historia gira entorno a Betty (Elyfer Torres), uma jovem mexicana inteligente e capaz que vive em Nova York na busca pelos sonhos superando os preju\u00edzos onde a imagem \u00e9 tudo. Depois de seis meses rejeitada e demitida de todos os trabalhos em raz\u00e3o da falta de atrativo f\u00edsico, Betty decide aceitar um trabalho muito abaixo de suas capacidades.Depois de ingressar na empresa V&amp;M Fashion, vira secret\u00e1ria pessoal do presidente da companhia.<\/p>\n<p>Apesar de ser ridicularizada e humilhada pela falta de estilo Betty est\u00e1 mais que disposta a n\u00e3o ser derrotada nesta implac\u00e1vel guerra de apar\u00eancias.Se no lado pessoal Betty \u00e9 exatamente competente e tem grandes planos para o crescimento pessoal, as suas poucas qualidades poder\u00e1 ajudar Betty a encontrar o verdadeiro amor.<\/p>\n","protected":false},"excerpt":{"rendered":"<p>Resumo novela \u201cBetty, a Feia em Nova York\u201d 13\/07: no cap\u00edtulo 122(*) da novela, segunda-feira, 13 de julho, No cap\u00edtulo 122, segunda-feira, 13 de julho &#8211; Daniel denuncia Armando por t\u00ea-lo amea\u00e7ado de morte um pouco antes do atentado que sofreu. Armando \u00e9 levado pela pol\u00edcia para ser interrogado. Betty sofre pois est\u00e1 convencida de [&hellip;]<\/p>\n","protected":false},"author":2,"featured_media":187571,"comment_status":"closed","ping_status":"closed","sticky":false,"template":"","format":"standard","meta":{"tdm_status":"","tdm_grid_status":"","footnotes":""},"categories":[379,2025,372,343],"tags":[441],"class_list":{"0":"post-195491","1":"post","2":"type-post","3":"status-publish","4":"format-standard","5":"has-post-thumbnail","7":"category-novelas","8":"category-resumo","9":"category-sbt","10":"category-televisao","11":"tag-resumo-do-dia"},"_links":{"self":[{"href":"https:\/\/migracao.redenoticia.com.br\/noticia\/wp-json\/wp\/v2\/posts\/195491","targetHints":{"allow":["GET"]}}],"collection":[{"href":"https:\/\/migracao.redenoticia.com.br\/noticia\/wp-json\/wp\/v2\/posts"}],"about":[{"href":"https:\/\/migracao.redenoticia.com.br\/noticia\/wp-json\/wp\/v2\/types\/post"}],"author":[{"embeddable":true,"href":"https:\/\/migracao.redenoticia.com.br\/noticia\/wp-json\/wp\/v2\/users\/2"}],"replies":[{"embeddable":true,"href":"https:\/\/migracao.redenoticia.com.br\/noticia\/wp-json\/wp\/v2\/comments?post=195491"}],"version-history":[{"count":0,"href":"https:\/\/migracao.redenoticia.com.br\/noticia\/wp-json\/wp\/v2\/posts\/195491\/revisions"}],"wp:featuredmedia":[{"embeddable":true,"href":"https:\/\/migracao.redenoticia.com.br\/noticia\/wp-json\/wp\/v2\/media\/187571"}],"wp:attachment":[{"href":"https:\/\/migracao.redenoticia.com.br\/noticia\/wp-json\/wp\/v2\/media?parent=195491"}],"wp:term":[{"taxonomy":"category","embeddable":true,"href":"https:\/\/migracao.redenoticia.com.br\/noticia\/wp-json\/wp\/v2\/categories?post=195491"},{"taxonomy":"post_tag","embeddable":true,"href":"https:\/\/migracao.redenoticia.com.br\/noticia\/wp-json\/wp\/v2\/tags?post=195491"}],"curies":[{"name":"wp","href":"https:\/\/api.w.org\/{rel}","templated":true}]}}